{"id":63550,"date":"2019-10-07T07:46:12","date_gmt":"2019-10-07T11:46:12","guid":{"rendered":"https:\/\/linitiative.ca\/International\/brice-lalonde-reconcilier-la-societe-avec-lecologie\/"},"modified":"2019-10-07T07:46:12","modified_gmt":"2019-10-07T11:46:12","slug":"brice-lalonde-reconcilier-la-societe-avec-lecologie","status":"publish","type":"post","link":"https:\/\/linitiative.ca\/International\/brice-lalonde-reconcilier-la-societe-avec-lecologie\/","title":{"rendered":"Brice Lalonde: \u00abR\u00e9concilier la soci\u00e9t\u00e9 avec l\u2019\u00e9cologie\u00bb"},"content":{"rendered":"<p class=\"c4\"><span class=\"c3\"><strong><span class=\"c2\">P<\/span>our sa part, Brice Lalonde a plaid\u00e9, dans un expos\u00e9 de haut niveau, pour \u00abr\u00e9concilier la soci\u00e9t\u00e9 et l\u2019\u00e9cologie\u00bb.<\/strong><\/span><\/p>\n<p class=\"c4\"><span class=\"c5\">Faisant un bref rappel historique de ses d\u00e9buts militants, en tant qu\u2019\u00e9tudiant UNEF \u00e0 la Sorbonne, en cette ann\u00e9e 1968, avec les t\u00e9nors du militantisme juv\u00e9nile, et retrace les d\u00e9buts du mouvement \u00e9cologiste avec le candidat Ren\u00e9 Dumont \u00e0 la pr\u00e9sidentielle de 1974\u2026 Il insistera sur les objectifs du mouvement \u00e9cologiste qui est de garantir le bien \u00eatre des citoyens tout en d\u00e9finissant les responsabilit\u00e9s respectives du syst\u00e8me global de production et de consommation. Car la production et la croissance \u00abne peuvent\u00a0 nullement durer lin\u00e9airement\u00bb.<\/span><\/p>\n<p class=\"c4\"><span class=\"c5\">A la demande de Mohamed Nabil Benabdallah, Brice Lalonde fera la diff\u00e9rence entre l\u2019\u00e9cologie et l\u2019environnement. Pour lui, l\u2019\u00e9cologisme est une alternative globale et politique, qui ne d\u00e9laisse pas, pour autant, la protection de la nature et de l\u2019environnement\u00bb. L\u2019\u00e9quation a \u00e9t\u00e9 r\u00e9solue par les \u00e9cologistes dans les ann\u00e9es 1970.<\/span><\/p>\n<p class=\"c4\"><span class=\"c5\">La lutte pour un environnement sain, par exemple autour d\u2019une revendication locale (pollution d\u2019une rivi\u00e8re ou pour un parc\u00a0 naturel), n\u2019est qu\u2019une infime partie de la lutte pour l\u2019\u00e9cologie, qui elle traite des sympt\u00f4mes de la crise \u00e9cologique. Car\u00a0 les \u00abcauses profondes des pollutions et des nuisances\u00bb ne seront pas combattues.<\/span><\/p>\n<p class=\"c4\"><span class=\"c5\">L\u2019ancien ministre fran\u00e7ais de l\u2019Environnement s\u2019\u00e9talera sur le sujet en lan\u00e7ant, surtout, des messages. Il s\u2019agit de se pencher sur les limites de la production pour \u00abr\u00e9mun\u00e9rer la nature\u00bb et d\u00e9veloppera les concepts \u00abcapital\/salaire et valeurs\u00bb aux yeux du \u00ab\u00a0r\u00e9formisme capitaliste\u00bb qui ne d\u00e9cide pas de \u00ab\u00a0r\u00e9parer et d\u2019entretenir la nature, qu\u2019il consid\u00e8re in\u00e9puisable et donc gratuit et l\u2019on se sert\u2026\u00bb \u00e0 volont\u00e9 et \u00e0 satiet\u00e9. Il s\u2019exclamera\u2026 \u00abLes valeurs, la valeur, ce n\u2019est pas uniquement l\u2019argent\u00bb.<\/span><\/p>\n<p class=\"c4\"><span class=\"c5\">Brice Lalonde plaidera ensuite pour \u00abune nouvelle agriculture et une nouvelle \u00e9cologie\u00bb qui\u2026 r\u00e9mun\u00e8re les abeilles pour leur apport et bienfaits \u00e0 la nature et \u00e0 l\u2019homme.<\/span><\/p>\n<p class=\"c4\"><span class=\"c5\">Il conclura son intervention par une tentative de d\u00e9finition de \u00abl\u2019id\u00e9al \u00e9cologique\u00bb, qui, selon lui, est cette autonomie du peuple par la pr\u00e9servation des ressources naturelles. C\u2019est aussi \u00able pouvoir d\u2019achat, le pouvoir de vivre, d\u2019avoir la capacit\u00e9 d\u2019organiser sa vie, son environnement\u2026\u00bb. Ce qui donne \u00e0 l\u2019homme et \u00e0 la soci\u00e9t\u00e9 la possibilit\u00e9 (\u2026) de se r\u00e9concilier avec la nature\u00a0et l\u2019\u00e9cologie\u00bb.<\/span><\/p>\n<p class=\"c4\"><span class=\"c5\">Pour lui, in fine, il s\u2019agit d\u2019agir \u00abselon les priorit\u00e9s, et trancher sur des choix politiques \u00e0 entreprendre\u00bb\u2026 Brice Lalonde a insist\u00e9 par la suite sur le devoir de r\u00e9mun\u00e9ration de la nature et de la r\u00e9conciliation avec le peuple,\u00a0 qui se formalisent concr\u00e8tement par l\u2019entretien et la pr\u00e9servation des ressources naturelles d\u2019une part et par l\u2019autonomisation Vs d\u00e9pendance du peuple.<\/span><\/p>\n<p>Auteur: M&rsquo;hammed rahal<br \/>\n<a href=\"http:\/\/albayane.press.ma\/brice-lalonde-reconcilier-la-societe-avec-lecologie.html\">Cliquez ici pour lire l&rsquo;article depuis sa source.<\/a><\/p>\n","protected":false},"excerpt":{"rendered":"<p>Pour sa part, Brice Lalonde a plaid\u00e9, dans un expos\u00e9 de haut niveau, pour \u00abr\u00e9concilier la soci\u00e9t\u00e9 et l\u2019\u00e9cologie\u00bb. Faisant un bref rappel historique de ses d\u00e9buts militants, en tant qu\u2019\u00e9tudiant UNEF \u00e0 la Sorbonne, en cette ann\u00e9e 1968, avec les t\u00e9nors du militantisme juv\u00e9nile, et retrace les d\u00e9buts du mouvement \u00e9cologiste avec le candidat [&hellip;]<\/p>\n","protected":false},"author":1760,"featured_media":0,"comment_status":"closed","ping_status":"closed","sticky":false,"template":"","format":"standard","meta":{"fifu_image_url":"","fifu_image_alt":"","footnotes":""},"categories":[73,54],"tags":[],"class_list":["post-63550","post","type-post","status-publish","format-standard","hentry","category-actualite","category-maroc"],"_links":{"self":[{"href":"https:\/\/linitiative.ca\/International\/wp-json\/wp\/v2\/posts\/63550","targetHints":{"allow":["GET"]}}],"collection":[{"href":"https:\/\/linitiative.ca\/International\/wp-json\/wp\/v2\/posts"}],"about":[{"href":"https:\/\/linitiative.ca\/International\/wp-json\/wp\/v2\/types\/post"}],"author":[{"embeddable":true,"href":"https:\/\/linitiative.ca\/International\/wp-json\/wp\/v2\/users\/1760"}],"replies":[{"embeddable":true,"href":"https:\/\/linitiative.ca\/International\/wp-json\/wp\/v2\/comments?post=63550"}],"version-history":[{"count":0,"href":"https:\/\/linitiative.ca\/International\/wp-json\/wp\/v2\/posts\/63550\/revisions"}],"wp:attachment":[{"href":"https:\/\/linitiative.ca\/International\/wp-json\/wp\/v2\/media?parent=63550"}],"wp:term":[{"taxonomy":"category","embeddable":true,"href":"https:\/\/linitiative.ca\/International\/wp-json\/wp\/v2\/categories?post=63550"},{"taxonomy":"post_tag","embeddable":true,"href":"https:\/\/linitiative.ca\/International\/wp-json\/wp\/v2\/tags?post=63550"}],"curies":[{"name":"wp","href":"https:\/\/api.w.org\/{rel}","templated":true}]}}