{"id":63551,"date":"2019-10-07T07:52:44","date_gmt":"2019-10-07T11:52:44","guid":{"rendered":"https:\/\/linitiative.ca\/International\/universite-annuelle-du-pps\/"},"modified":"2019-10-07T07:52:44","modified_gmt":"2019-10-07T11:52:44","slug":"universite-annuelle-du-pps","status":"publish","type":"post","link":"https:\/\/linitiative.ca\/International\/universite-annuelle-du-pps\/","title":{"rendered":"Universit\u00e9 annuelle du PPS"},"content":{"rendered":"<p class=\"c3\"><span class=\"c2\"><strong>D\u00e9bats de haut niveau sur la place de l\u2019\u00e9cologie dans le d\u00e9veloppement durable<\/strong><\/span><\/p>\n<p class=\"c5\"><strong><span class=\"c2\">L<\/span><span class=\"c4\">e Parti du progr\u00e8s et du socialisme a organis\u00e9, samedi \u00e0 son si\u00e8ge national \u00e0 Rabat, son Universit\u00e9 annuelle, dont le th\u00e8me choisi s\u2019est articul\u00e9 autour de \u00abLa dimension \u00e9cologique dans le projet d\u00e9mocratique progressiste\u00bb.<\/span><\/strong><\/p>\n<p class=\"c5\">C\u2019est Ahmed Zaki, membre du Bureau politique du PPS et pr\u00e9sident de cette Universit\u00e9 annuelle qui a donn\u00e9 le coup de d\u00e9part de cette premi\u00e8re action organis\u00e9e par le Parti, au lendemain de sa d\u00e9cision historique, prise la veille, sur son retrait du gouvernement.<\/p>\n<p class=\"c5\">Le pr\u00e9sident de cette Universit\u00e9 annuelle a trac\u00e9 le cadre g\u00e9n\u00e9ral de l\u2019organisation de ces assises qui incluent, officiellement, la dimension \u00e9cologique dans le r\u00e9f\u00e9rentiel id\u00e9ologique du PPS, quoique figurant, depuis au moins trois ann\u00e9es dans sa litt\u00e9rature politique.<\/p>\n<p class=\"c5\">Aussi apr\u00e8s avoir souhait\u00e9 la bienvenue aux invit\u00e9s de l\u2019Universit\u00e9, il a souhait\u00e9 de bons d\u00e9bats lors de ces travaux, avant de c\u00e9der la parole \u00e0 Abdallah Tourabi, animateur de l\u2019Universit\u00e9 du PPS, qui en d\u00e9clinera le programme, avec la s\u00e9ance inaugurale faite des deux discours inauguraux du Secr\u00e9taire g\u00e9n\u00e9ral du PPS, Mohamed Nabil Benabdallah, et celui de l\u2019ex ministre fran\u00e7ais de l\u2019Environnement, Brice Lalonde, suivie par l\u2019intitul\u00e9 des \u00a0deux panels programm\u00e9s.<\/p>\n<p class=\"c5\">Les travaux de cette Universit\u00e9 ont \u00e9t\u00e9 sanctionn\u00e9s par une note de synth\u00e8se avec des recommandations, \u00e9labor\u00e9e par Azzouz Sanhaji et Jalal Moata.<\/p>\n<p class=\"c5\">Les travaux de cette Universit\u00e9 ont \u00e9t\u00e9 marqu\u00e9s par des d\u00e9bats de haut niveau sur les th\u00e9matiques abord\u00e9es par des experts av\u00e9r\u00e9s des questions \u00e9cologiques et environnementales<\/p>\n<p class=\"c5\">Synth\u00e8se des diff\u00e9rentes interventions.<\/p>\n<p class=\"c6\"><strong>Mohamed Khalil<\/strong><\/p>\n<p>Auteur: M&rsquo;hammed rahal<br \/>\n<a href=\"http:\/\/albayane.press.ma\/universite-annuelle-du-pps-3.html\">Cliquez ici pour lire l&rsquo;article depuis sa source.<\/a><\/p>\n","protected":false},"excerpt":{"rendered":"<p>D\u00e9bats de haut niveau sur la place de l\u2019\u00e9cologie dans le d\u00e9veloppement durable Le Parti du progr\u00e8s et du socialisme a organis\u00e9, samedi \u00e0 son si\u00e8ge national \u00e0 Rabat, son Universit\u00e9 annuelle, dont le th\u00e8me choisi s\u2019est articul\u00e9 autour de \u00abLa dimension \u00e9cologique dans le projet d\u00e9mocratique progressiste\u00bb. C\u2019est Ahmed Zaki, membre du Bureau politique [&hellip;]<\/p>\n","protected":false},"author":1760,"featured_media":0,"comment_status":"closed","ping_status":"closed","sticky":false,"template":"","format":"standard","meta":{"fifu_image_url":"","fifu_image_alt":"","footnotes":""},"categories":[73,54],"tags":[],"class_list":["post-63551","post","type-post","status-publish","format-standard","hentry","category-actualite","category-maroc"],"_links":{"self":[{"href":"https:\/\/linitiative.ca\/International\/wp-json\/wp\/v2\/posts\/63551","targetHints":{"allow":["GET"]}}],"collection":[{"href":"https:\/\/linitiative.ca\/International\/wp-json\/wp\/v2\/posts"}],"about":[{"href":"https:\/\/linitiative.ca\/International\/wp-json\/wp\/v2\/types\/post"}],"author":[{"embeddable":true,"href":"https:\/\/linitiative.ca\/International\/wp-json\/wp\/v2\/users\/1760"}],"replies":[{"embeddable":true,"href":"https:\/\/linitiative.ca\/International\/wp-json\/wp\/v2\/comments?post=63551"}],"version-history":[{"count":0,"href":"https:\/\/linitiative.ca\/International\/wp-json\/wp\/v2\/posts\/63551\/revisions"}],"wp:attachment":[{"href":"https:\/\/linitiative.ca\/International\/wp-json\/wp\/v2\/media?parent=63551"}],"wp:term":[{"taxonomy":"category","embeddable":true,"href":"https:\/\/linitiative.ca\/International\/wp-json\/wp\/v2\/categories?post=63551"},{"taxonomy":"post_tag","embeddable":true,"href":"https:\/\/linitiative.ca\/International\/wp-json\/wp\/v2\/tags?post=63551"}],"curies":[{"name":"wp","href":"https:\/\/api.w.org\/{rel}","templated":true}]}}