{"id":63552,"date":"2019-10-07T08:02:18","date_gmt":"2019-10-07T12:02:18","guid":{"rendered":"https:\/\/linitiative.ca\/International\/benabdallah-le-developpement-doit-etre-axe-que-sur-letre-humain\/"},"modified":"2019-10-07T08:02:18","modified_gmt":"2019-10-07T12:02:18","slug":"benabdallah-le-developpement-doit-etre-axe-que-sur-letre-humain","status":"publish","type":"post","link":"https:\/\/linitiative.ca\/International\/benabdallah-le-developpement-doit-etre-axe-que-sur-letre-humain\/","title":{"rendered":"Benabdallah: \u00able d\u00e9veloppement doit \u00eatre ax\u00e9 que sur l\u2019\u00eatre humain\u00bb"},"content":{"rendered":"<p class=\"c4\"><span class=\"c3\"><strong><span class=\"c2\">M<\/span>ohamed Nabil Benabdallah d\u00e9butera son intervention par remercier, nomm\u00e9ment, tous les invit\u00e9s de cette Universit\u00e9 annuelle \u00e0 l\u2019air du temps et \u00e0 laquelle ont pris part quelques ministres de l\u2019ancien et de l\u2019actuel gouvernement, outre des experts des questions de l\u2019environnement ainsi que des cadres du PPS.<\/strong><\/span><\/p>\n<p class=\"c4\">Le Secr\u00e9taire g\u00e9n\u00e9ral du PPS a tenu \u00e0 adresser des salutations particuli\u00e8res \u00e0 Brice Lalonde, \u00abl\u2019un des acteurs les plus en vue des questions d\u2019environnement et d\u2019\u00e9cologie\u00bb, et \u00e0 Hakima El Hait\u00e9, \u00abl\u2019amie porte-voix, la porte parole\u00bb attitr\u00e9e de ces questions, pour avoir accept\u00e9 d\u2019honorer cette Universit\u00e9.<\/p>\n<p class=\"c4\">Ensuite, entrant dans le vif du sujet, il a fait un bref diagnostic de la question au niveau mondial et sur la sc\u00e8ne nationale, en rappelant notamment la COPE 21 et 22, respectivement tenues \u00e0 Paris et \u00e0 Marrakech.<\/p>\n<p class=\"c4\">L\u2019\u00e9tat critique pr\u00e9valant aujourd\u2019hui au niveau mondial, dira-t-il,\u00a0 est d\u00fb \u00e0 \u00abun ordre mondial\u00a0\u00bb qui en est responsable, du fait du \u00abmode de production capitaliste qui ne cherche que les profits exorbitants et la productivit\u00e9\u00a0\u00e0 outrance\u00bb. Ce qui tue l\u2019homme et la nature.<\/p>\n<p class=\"c4\">Abordant les grands pollueurs, il a toutefois nuanc\u00e9 la position de la Chine qui \u00abproduit beaucoup et nuit \u00e0 la nature mais qui reconnait, officiellement, ce fait et promet d\u2019y rem\u00e9dier\u00bb.<\/p>\n<p class=\"c4\">Mohamed Nabil Benabdallah aainsi, appel\u00e9 \u00e0 \u00abs\u2019approprier le r\u00e9f\u00e9rentiel \u00e9cologique et environnemental\u00bb qu\u2019il faudra investir \u00abnon seulement comme slogan, mais un contenu qui meublera cette Universit\u00e9\u00bb.<\/p>\n<p class=\"c4\">Pour le dirigeant du PPS, il ne s\u2019agit pas tout simplement que cela s\u2019applique \u00ab\u00a0dans les politiques publiques et dans les d\u00e9bats institutionnels et publics, mais que le r\u00e9f\u00e9rentiel fasse l\u2019objet de propositions concr\u00e8tes, surtout qu\u2019\u00abil constitue une partie importante du nouveau mod\u00e8le de d\u00e9veloppement alternatif\u00a0\u00bb recherch\u00e9 pour notre pays.<\/p>\n<p class=\"c4\">Mohamed Nabil Benabdallah a \u00e9galement exprim\u00e9 la \u00abferme conviction du Parti de la n\u00e9cessit\u00e9 de l\u2019approche \u00e9cologique, en dehors des perceptions politiques et programmatiques \u00e9ph\u00e9m\u00e8res\u00bb.<\/p>\n<p class=\"c4\">Il a insist\u00e9 sur la n\u00e9cessit\u00e9 de faire hisser\u00a0 cette approche \u00abau niveau des constantes\u00a0 id\u00e9ologiques qui constituent l\u2019identit\u00e9 de la pens\u00e9e politique du parti, loin du luxe intellectuel et des vagues politiques et m\u00e9diatiques passag\u00e8res\u00bb.\u00a0 Cette d\u00e9marche devra \u00e9galement \u00abse d\u00e9partir de la qu\u00eate politique de gagner la sympathie de cat\u00e9gories sociales suppl\u00e9mentaires\u00a0\u00bb.<\/p>\n<p class=\"c4\">Il a aussi soulign\u00e9 que la conviction est plus ancr\u00e9e aujourd\u2019hui sur l\u2019\u00e9cologie surtout apr\u00e8s l\u2019int\u00e9r\u00eat et le d\u00e9bat croissants dans divers et vari\u00e9s milieux,\u00a0 et surtout du fait que cette dimension est devenue \u00abun\u00a0 th\u00e8me central dans l\u2019agenda des relations internationales, les d\u00e9terminants des politiques publiques nationales et les arguments des organisations non gouvernementales et de la soci\u00e9t\u00e9 civile\u00bb.<\/p>\n<p class=\"c4\">S\u2019agissant de l\u2019actualit\u00e9 de l\u2019\u00e9laboration d\u2019un mod\u00e8le de d\u00e9veloppement \u00e9conomique alternatif, dont le PPS a d\u00e9j\u00e0 pr\u00e9sent\u00e9 sa conception, le Secr\u00e9taire g\u00e9n\u00e9ral du Parti a soulign\u00e9 que \u00able d\u00e9veloppement ne peut \u00eatre con\u00e7u qu\u2019\u00e9tant ax\u00e9 que sur l\u2019\u00eatre humain, son pr\u00e9sent et son avenir\u00bb. Ce qui n\u00e9cessite \u00abl\u2019int\u00e9gration de la dimension \u00e9cologique en tant que condition pr\u00e9alable au d\u00e9veloppement durable\u00bb.<\/p>\n<p class=\"c4\">Il a aussi r\u00e9sum\u00e9 la d\u00e9marche \u00e0 suivre, en appelant \u00e0 \u00absavoir consommer ce que nous produisons et \u00e0 produire ce que nous consommons\u00bb.<\/p>\n<p>Auteur: M&rsquo;hammed rahal<br \/>\n<a href=\"http:\/\/albayane.press.ma\/benabdallah-le-developpement-doit-etre-axe-que-sur-letre-humain.html\">Cliquez ici pour lire l&rsquo;article depuis sa source.<\/a><\/p>\n","protected":false},"excerpt":{"rendered":"<p>Mohamed Nabil Benabdallah d\u00e9butera son intervention par remercier, nomm\u00e9ment, tous les invit\u00e9s de cette Universit\u00e9 annuelle \u00e0 l\u2019air du temps et \u00e0 laquelle ont pris part quelques ministres de l\u2019ancien et de l\u2019actuel gouvernement, outre des experts des questions de l\u2019environnement ainsi que des cadres du PPS. Le Secr\u00e9taire g\u00e9n\u00e9ral du PPS a tenu \u00e0 [&hellip;]<\/p>\n","protected":false},"author":1760,"featured_media":0,"comment_status":"closed","ping_status":"closed","sticky":false,"template":"","format":"standard","meta":{"fifu_image_url":"","fifu_image_alt":"","footnotes":""},"categories":[73,54],"tags":[],"class_list":["post-63552","post","type-post","status-publish","format-standard","hentry","category-actualite","category-maroc"],"_links":{"self":[{"href":"https:\/\/linitiative.ca\/International\/wp-json\/wp\/v2\/posts\/63552","targetHints":{"allow":["GET"]}}],"collection":[{"href":"https:\/\/linitiative.ca\/International\/wp-json\/wp\/v2\/posts"}],"about":[{"href":"https:\/\/linitiative.ca\/International\/wp-json\/wp\/v2\/types\/post"}],"author":[{"embeddable":true,"href":"https:\/\/linitiative.ca\/International\/wp-json\/wp\/v2\/users\/1760"}],"replies":[{"embeddable":true,"href":"https:\/\/linitiative.ca\/International\/wp-json\/wp\/v2\/comments?post=63552"}],"version-history":[{"count":0,"href":"https:\/\/linitiative.ca\/International\/wp-json\/wp\/v2\/posts\/63552\/revisions"}],"wp:attachment":[{"href":"https:\/\/linitiative.ca\/International\/wp-json\/wp\/v2\/media?parent=63552"}],"wp:term":[{"taxonomy":"category","embeddable":true,"href":"https:\/\/linitiative.ca\/International\/wp-json\/wp\/v2\/categories?post=63552"},{"taxonomy":"post_tag","embeddable":true,"href":"https:\/\/linitiative.ca\/International\/wp-json\/wp\/v2\/tags?post=63552"}],"curies":[{"name":"wp","href":"https:\/\/api.w.org\/{rel}","templated":true}]}}