{"id":63553,"date":"2019-10-07T08:15:10","date_gmt":"2019-10-07T12:15:10","guid":{"rendered":"https:\/\/linitiative.ca\/International\/la-resolution-adoptee-par-la-session-extraordinaire-du-comite-central-du-pps\/"},"modified":"2019-10-07T08:15:10","modified_gmt":"2019-10-07T12:15:10","slug":"la-resolution-adoptee-par-la-session-extraordinaire-du-comite-central-du-pps","status":"publish","type":"post","link":"https:\/\/linitiative.ca\/International\/la-resolution-adoptee-par-la-session-extraordinaire-du-comite-central-du-pps\/","title":{"rendered":"La r\u00e9solution adopt\u00e9e par la session extraordinaire du Comit\u00e9 central du PPS"},"content":{"rendered":"<p class=\"c4\"><span class=\"c3\"><strong><span class=\"c2\">L<\/span>e Comit\u00e9 central du Parti du Progr\u00e8s et du Socialisme s\u2019est r\u00e9uni, vendredi 4 octobre 2019 dans la ville de Rabat, en session extraordinaire, sur convocation du Bureau politique, conform\u00e9ment aux statuts du parti, pour examiner et prendre une d\u00e9cision \u00e0 propos de la participation du parti dans le gouvernement en cours de formation.<\/strong><\/span><\/p>\n<p class=\"c4\">Le Secr\u00e9taire g\u00e9n\u00e9ral du parti, le camarade Mohamed Nabil Benabdallah a pr\u00e9sent\u00e9 le rapport du Bureau politique qui a \u00e9t\u00e9 d\u00e9battu et adopt\u00e9 \u00e0 une large majorit\u00e9.<\/p>\n<p class=\"c4\">Ce rapport a rappel\u00e9 la position exprim\u00e9e dans la d\u00e9claration adopt\u00e9e par le Bureau politique mardi 1er octobre 2019.<\/p>\n<p class=\"c4\">Tout en exprimant sa fiert\u00e9 pour les contributions visibles du parti dans tous les acquis r\u00e9alis\u00e9s au profit de notre pays et de notre peuple, \u2013 aussi bien depuis le d\u00e9but de sa participation dans la gestion de la chose publique avec le gouvernement d\u2019alternance consensuelle, qu\u2019au cours de l\u2019\u00e9tape fondatrice cons\u00e9cutive \u00e0 la nouvelle Constitution de 2011, et ce \u00e0 divers niveaux, en particulier en ce qui a trait \u00e0 la consolidation de l\u2019accumulation d\u00e9mocratique, au renforcement de l\u2019\u00e9difice institutionnel et au traitement efficient de nombreux dossiers et questions politiques, \u00e9conomiques, sociaux et culturels en rapport\u00a0 avec le quotidien des citoyennes et citoyens\u2026, le Comit\u00e9 Central souligne que la d\u00e9cision de la participation du Parti du Progr\u00e8s et du Socialisme dans les deux gouvernements pr\u00e9c\u00e9dent et actuel se fondait sur la m\u00eame logique et le but de faire avancer les r\u00e9formes.<\/p>\n<p class=\"c4\">La d\u00e9cision de participation s\u2019\u00e9tait impos\u00e9e dans un contexte historique ayant requis du parti d\u2019\u0153uvrer pour \u00eatre une force active dans l\u2019\u00e9tape ayant suivi l\u2019adoption de la Constitution de 2011 et les perspectives qu\u2019elle a ouvertes pour l\u2019\u00e9dification d\u2019un Etat fort avec ses institutions et sa d\u00e9mocratie et fond\u00e9 sur la justice sociale, la libert\u00e9 et la dignit\u00e9.<\/p>\n<p class=\"c4\">A l\u2019oppos\u00e9, le Comit\u00e9 Central regrette que l\u2019actuelle majorit\u00e9 gouvernementale se soit retranch\u00e9e dans une gestion gouvernementale d\u00e9pourvue de tout souffle politique v\u00e9ritable qui permette de piloter l\u2019\u00e9tape et de traiter de mani\u00e8re efficiente les dossiers et les questions qui se posent\u2026.. Il regrette aussi que les relations entre ses composantes soient domin\u00e9es par les conflits, les tiraillements, les calculs et les pratiques n\u00e9gatives. Ce qui contribue \u00e0 l\u2019aggravation de la situation d\u2019inqui\u00e9tude, de d\u00e9ception et de d\u00e9couragement et \u00e0 la perte de confiance pour de larges couches des masses de notre peuple.<\/p>\n<p class=\"c4\">Dans le m\u00eame temps, le Comit\u00e9 central rappelle que le Parti du Progr\u00e8s et du Socialisme n\u2019a cess\u00e9 d\u2019insister tout au long de la derni\u00e8re p\u00e9riode sur le besoin de notre pays \u00e0 un souffle d\u00e9mocratique nouveau qui offre la possibilit\u00e9 de reprendre le processus des r\u00e9formes, d\u2019aller de l\u2019avant dans l\u2019\u00e9dification du Maroc moderniste et progressiste et de relever les d\u00e9fis de l\u2019\u00e9tape historique que notre pays traverse.<\/p>\n<p class=\"c4\">Le Comit\u00e9 central a pass\u00e9 aussi en revue l\u2019ensemble des actions entreprises par notre parti, ses efforts, ses appels, ses mises en garde et ses initiatives, \u00e0 partir de sa position \u00e0 l\u2019int\u00e9rieur de la majorit\u00e9 gouvernementale, qui avaient toujours pour objectif de pousser dans le sens de se concentrer sur le travail, la r\u00e9alisation et la r\u00e9forme dans un cadre d\u2019homog\u00e9n\u00e9it\u00e9, de solidarit\u00e9 et de mobilisation pour d\u00e9passer le d\u00e9ficit dans l\u2019interaction positive avec les revendications sociales\u00a0\u00a0 pressantes qui s\u2019exprimaient et s\u2019expriment toujours.<\/p>\n<p class=\"c4\">Dans ce cadre, le Comit\u00e9 central prend note avec fiert\u00e9 de l\u2019importante teneur des hauts discours royaux le long de la derni\u00e8re p\u00e9riode, qui se sont arr\u00eat\u00e9s sur les failles et les insuffisances qui entachent l\u2019action gouvernementale et qui invitent le gouvernement \u00e0 prendre les initiatives n\u00e9cessaires pour r\u00e9aliser les r\u00e9formes n\u00e9cessaires dans de nombreux domaines, notamment au niveau du renforcement de la machine de l\u2019\u00e9conomie nationale et de la r\u00e9alisation de la justice sociale et spatiale\u2026 Mais le gouvernement n\u2019a pas pu \u00eatre au rendez-vous.<\/p>\n<p class=\"c4\">Et c\u2019est sur ses bases qu\u2019est intervenue la demande royale de proc\u00e9der \u00e0 des changements dans les postes de responsabilit\u00e9s gouvernementales et administratives.<\/p>\n<p class=\"c4\">Le Comit\u00e9 Central souligne que depuis le lancement par monsieur le chef du gouvernement des consultations concernant le remaniement gouvernemental, ces derni\u00e8res sont rest\u00e9es cloisonn\u00e9es dans une logique comptable sans aller au fond du sujet. En face, le parti du progr\u00e8s et du socialisme insistait sur le pr\u00e9alable politique et la priorit\u00e9 de d\u00e9gager et d\u2019identifier le contenu et les orientations devant \u00eatre port\u00e9s par une forte volont\u00e9 politique exprim\u00e9e avec force, clart\u00e9 et pr\u00e9sence.<\/p>\n<p class=\"c4\">C\u2019est pourquoi et apr\u00e8s profondes d\u00e9lib\u00e9rations au sujet de la participation du parti dans le gouvernement actuel, de tous ses cot\u00e9s, de mani\u00e8re exhaustive et profonde, s\u00e9rieux et responsabilit\u00e9, le Comit\u00e9 Central consid\u00e8re que la situation anormale de la majorit\u00e9 actuelle ne permet pas de r\u00e9pondre comme il est requis et de mani\u00e8re satisfaisante aux orientations royales encadrant ce remaniement. Elle ne permet pas non plus de r\u00e9pondre aux attentes et aux aspirations des citoyennes et citoyens.<\/p>\n<p class=\"c4\">C\u2019est pourquoi, et partant de ce qui pr\u00e9c\u00e8de, le Comit\u00e9 Central, annonce avec conscience et responsabilit\u00e9 avoir pris la d\u00e9cision de mettre fin \u00e0 la participation du parti au gouvernement actuel, sachant qu\u2019en sa qualit\u00e9 de parti patriotique et progressiste, il continuera d\u2019\u0153uvrer, quelle que soit sa position, pour les r\u00e9formes et la d\u00e9mocratie et de militer pour le changement de la situation de notre pays et de notre peuple vers le meilleur, mobilis\u00e9 pour ce faire derri\u00e8re Sa Majest\u00e9 et rang\u00e9 du cot\u00e9 de l\u2019ensemble des forces sociales d\u00e9mocratiques vives et s\u00e9rieuses. Il \u0153uvrera pour contribuer \u00e0 la promotion du r\u00f4le, de la position et des t\u00e2ches de la gauche dans notre pays et pour appuyer avec un esprit constructif toutes les initiatives positives. Il luttera avec force contre tout ce qui est susceptible de saper les efforts de notre pays et les sacrifices de notre peuple pour l\u2019\u00e9dification du Maroc du progr\u00e8s, de la dignit\u00e9, de la libert\u00e9 et de la justice sociale.<\/p>\n<p class=\"c4\">Le Comit\u00e9 Central adresse en cette occasion \u00e0 l\u2019ensemble des militantes et militants un appel pressant pour renforcer l\u2019unit\u00e9 du parti, am\u00e9liorer son rendement et poursuivre l\u2019ouverture sur l\u2019ensemble des citoyennes et citoyens et la lutte et le combat pour un lendemain meilleur pour le Maroc et l\u2019ensemble des Marocains.<\/p>\n<p>Auteur: M&rsquo;hammed rahal<br \/>\n<a href=\"http:\/\/albayane.press.ma\/la-resolution-adoptee-par-la-session-extraordinaire-du-comite-central-du-pps.html\">Cliquez ici pour lire l&rsquo;article depuis sa source.<\/a><\/p>\n","protected":false},"excerpt":{"rendered":"<p>Le Comit\u00e9 central du Parti du Progr\u00e8s et du Socialisme s\u2019est r\u00e9uni, vendredi 4 octobre 2019 dans la ville de Rabat, en session extraordinaire, sur convocation du Bureau politique, conform\u00e9ment aux statuts du parti, pour examiner et prendre une d\u00e9cision \u00e0 propos de la participation du parti dans le gouvernement en cours de formation. Le [&hellip;]<\/p>\n","protected":false},"author":1760,"featured_media":0,"comment_status":"closed","ping_status":"closed","sticky":false,"template":"","format":"standard","meta":{"fifu_image_url":"","fifu_image_alt":"","footnotes":""},"categories":[73,54],"tags":[],"class_list":["post-63553","post","type-post","status-publish","format-standard","hentry","category-actualite","category-maroc"],"_links":{"self":[{"href":"https:\/\/linitiative.ca\/International\/wp-json\/wp\/v2\/posts\/63553","targetHints":{"allow":["GET"]}}],"collection":[{"href":"https:\/\/linitiative.ca\/International\/wp-json\/wp\/v2\/posts"}],"about":[{"href":"https:\/\/linitiative.ca\/International\/wp-json\/wp\/v2\/types\/post"}],"author":[{"embeddable":true,"href":"https:\/\/linitiative.ca\/International\/wp-json\/wp\/v2\/users\/1760"}],"replies":[{"embeddable":true,"href":"https:\/\/linitiative.ca\/International\/wp-json\/wp\/v2\/comments?post=63553"}],"version-history":[{"count":0,"href":"https:\/\/linitiative.ca\/International\/wp-json\/wp\/v2\/posts\/63553\/revisions"}],"wp:attachment":[{"href":"https:\/\/linitiative.ca\/International\/wp-json\/wp\/v2\/media?parent=63553"}],"wp:term":[{"taxonomy":"category","embeddable":true,"href":"https:\/\/linitiative.ca\/International\/wp-json\/wp\/v2\/categories?post=63553"},{"taxonomy":"post_tag","embeddable":true,"href":"https:\/\/linitiative.ca\/International\/wp-json\/wp\/v2\/tags?post=63553"}],"curies":[{"name":"wp","href":"https:\/\/api.w.org\/{rel}","templated":true}]}}