{"id":63557,"date":"2019-10-07T06:04:32","date_gmt":"2019-10-07T10:04:32","guid":{"rendered":"https:\/\/linitiative.ca\/International\/hatem-mliki-qalb-tounes-ne-salliera-pas-avec-le-mouvement-ennahdha\/"},"modified":"2019-10-07T06:04:32","modified_gmt":"2019-10-07T10:04:32","slug":"hatem-mliki-qalb-tounes-ne-salliera-pas-avec-le-mouvement-ennahdha","status":"publish","type":"post","link":"https:\/\/linitiative.ca\/International\/hatem-mliki-qalb-tounes-ne-salliera-pas-avec-le-mouvement-ennahdha\/","title":{"rendered":"Hatem Mliki : \u2018Qalb Tounes ne s\u2019alliera pas avec le mouvement Ennahdha\u2019"},"content":{"rendered":"<p class=\"c1\">le dirigeant au sein de<strong>\u00a0Qalb Tounes<\/strong>\u00a0Hatem Mliki a assur\u00e9 que son parti ne s\u2019alliera pas avec le mouvement\u00a0<strong>Ennahdha<\/strong>, et ne fera pas partie d\u2019un gouvernement form\u00e9 par Ennahdha.<br \/>Hatem Mliki a consid\u00e9r\u00e9 que \u00ab le gouvernement actuel, et notamment Ennahdha, est le premier responsable de l\u2019\u00e9chec politique, social et \u00e9conomique du pays.<\/p>\n<p class=\"dpsp-share-text\">Partager c&rsquo;est aimer!<\/p>\n<div class=\"wp-post-author-wrap wp-post-author-shortcode left\">\n<h3 class=\"awpa-title\"\/>\n<div class=\"wp-post-author\">\n<div class=\"awpa-img awpa-author-block square\"><a href=\"http:\/\/lexpertjournal.net\/fr\/author\/expert\/\"><img loading=\"lazy\" decoding=\"async\" alt=\"\" src=\"http:\/\/2.gravatar.com\/avatar\/56d99be2a6f97af88ccb49fada637fcd?s=150&#038;d=mm&#038;r=g\" srcset=\"http:\/\/2.gravatar.com\/avatar\/56d99be2a6f97af88ccb49fada637fcd?s=300&#038;d=mm&#038;r=g 2x\" class=\"avatar avatar-150 photo\" height=\"150\" width=\"150\"\/><\/a><\/div>\n<\/div>\n<\/div>\n<p>Auteur: L&rsquo;expert<br \/>\n<a href=\"http:\/\/lexpertjournal.net\/fr\/2019\/10\/07\/hatem-mliki-qalb-tounes-ne-salliera-pas-avec-le-mouvement-ennahdha\/\">Cliquez ici pour lire l&rsquo;article depuis sa source.<\/a><\/p>\n","protected":false},"excerpt":{"rendered":"<p>le dirigeant au sein de\u00a0Qalb Tounes\u00a0Hatem Mliki a assur\u00e9 que son parti ne s\u2019alliera pas avec le mouvement\u00a0Ennahdha, et ne fera pas partie d\u2019un gouvernement form\u00e9 par Ennahdha.Hatem Mliki a consid\u00e9r\u00e9 que \u00ab le gouvernement actuel, et notamment Ennahdha, est le premier responsable de l\u2019\u00e9chec politique, social et \u00e9conomique du pays. Partager c&rsquo;est aimer! Auteur: [&hellip;]<\/p>\n","protected":false},"author":1775,"featured_media":0,"comment_status":"closed","ping_status":"closed","sticky":false,"template":"","format":"standard","meta":{"fifu_image_url":"","fifu_image_alt":"","footnotes":""},"categories":[78,55],"tags":[],"class_list":["post-63557","post","type-post","status-publish","format-standard","hentry","category-economie","category-tunisie"],"_links":{"self":[{"href":"https:\/\/linitiative.ca\/International\/wp-json\/wp\/v2\/posts\/63557","targetHints":{"allow":["GET"]}}],"collection":[{"href":"https:\/\/linitiative.ca\/International\/wp-json\/wp\/v2\/posts"}],"about":[{"href":"https:\/\/linitiative.ca\/International\/wp-json\/wp\/v2\/types\/post"}],"author":[{"embeddable":true,"href":"https:\/\/linitiative.ca\/International\/wp-json\/wp\/v2\/users\/1775"}],"replies":[{"embeddable":true,"href":"https:\/\/linitiative.ca\/International\/wp-json\/wp\/v2\/comments?post=63557"}],"version-history":[{"count":0,"href":"https:\/\/linitiative.ca\/International\/wp-json\/wp\/v2\/posts\/63557\/revisions"}],"wp:attachment":[{"href":"https:\/\/linitiative.ca\/International\/wp-json\/wp\/v2\/media?parent=63557"}],"wp:term":[{"taxonomy":"category","embeddable":true,"href":"https:\/\/linitiative.ca\/International\/wp-json\/wp\/v2\/categories?post=63557"},{"taxonomy":"post_tag","embeddable":true,"href":"https:\/\/linitiative.ca\/International\/wp-json\/wp\/v2\/tags?post=63557"}],"curies":[{"name":"wp","href":"https:\/\/api.w.org\/{rel}","templated":true}]}}