{"id":63559,"date":"2019-10-07T13:04:13","date_gmt":"2019-10-07T17:04:13","guid":{"rendered":"https:\/\/linitiative.ca\/International\/tizi-ouzou-ouverture-du-4e-salon-national-culturel-immateriel-consacre-a-tajmaat\/"},"modified":"2019-10-07T13:04:13","modified_gmt":"2019-10-07T17:04:13","slug":"tizi-ouzou-ouverture-du-4e-salon-national-culturel-immateriel-consacre-a-tajmaat","status":"publish","type":"post","link":"https:\/\/linitiative.ca\/International\/tizi-ouzou-ouverture-du-4e-salon-national-culturel-immateriel-consacre-a-tajmaat\/","title":{"rendered":"Tizi-Ouzou: ouverture du 4e salon national culturel immat\u00e9riel consacr\u00e9 \u00e0 \u00ab\u00a0Tajmaat\u00a0\u00bb"},"content":{"rendered":"<div readability=\"37\">\n<p><strong>TIZI-OUZOU &#8211; La 4\u00e8me \u00e9dition du salon du patrimoine culturel immat\u00e9riel, organis\u00e9e par la direction de la culture de Tizi-Ouzou et consacr\u00e9 cette ann\u00e9e \u00e0 l\u2019organisation villageoise \u00ab\u00a0Tajemaat\u00a0\u00bb (comit\u00e9 ou assembl\u00e9e du village), s&rsquo;est ouverte dimanche \u00e0 la maison de la culture Mouloud Mammeri.<\/strong><\/p>\n<\/div>\n<div readability=\"97\">\n<p>Plac\u00e9e sous le th\u00e8me \u00ab\u00a0Tajmaat, symbole des valeurs et des liens sociaux au sein des populations villageoises\u00a0\u00bb, cette manifestation culturelle qui s\u2019\u00e9talera sur trois jours sera une occasion pour mettre en relief \u00ab\u00a0le r\u00f4le de cette organisation sociale ancestrale et sa contribution dans la sauvegarde de nos valeurs en renfor\u00e7ant l\u2019attachement \u00e0 nos principes\u00a0\u00bb, a soulign\u00e9 la directrice locale de la culture Nabila Goumeziane.<\/p>\n<p>Dans son allocution d\u2019ouverture la m\u00eame responsable a soulign\u00e9 que ce salon sera une opportunit\u00e9 pour \u00ab\u00a0se pencher sur la fonction sociale de Tajmaat et l\u2019\u00e9lan de solidarit\u00e9 et de partage qui d\u00e9coulent de cette structure traditionnelle, porteuse de valeurs et de liens de communion et d\u2019entraide entre les citoyens\u00a0\u00bb.<\/p>\n<p>Pour mettre en avant le r\u00f4le de Tajmaat dans la soci\u00e9t\u00e9, des conf\u00e9rences sur cette th\u00e9matique sont programm\u00e9es lundi.<\/p>\n<p>Les intervenants s\u2019int\u00e9resseront notamment \u00e0 l\u2019\u00e9volution de cette organisation d\u00e9mocratique qui disposait de larges pouvoirs sur le plan social et faisait office d&rsquo;autorit\u00e9 morale. Elle a perdu avec le temps beaucoup de ses pr\u00e9rogatives au profit d\u2019institutions officielles, mais conserve toujours son statut de \u00ab\u00a0partenaire\u00a0\u00bb dans la gestion des affaires courantes\u00a0 en lien directe avec la communaut\u00e9 villageoise.<\/p>\n<p>Tajmaat continue, souvent en partenariat avec le mouvement associatif, \u00e0 organiser, entre autre, les f\u00eates traditionnelles, des op\u00e9rations de volontariat dont les plus importantes celle pour le nettoyage et l\u2019embellissement des villages, des collectes de fonds au profit des d\u00e9munies et des malades et pour des projets d\u2019utilit\u00e9 publique (r\u00e9alisation de routes, construction de mosqu\u00e9es, d&rsquo;une maison de jeune, ou captage de source), a-t-on rappel\u00e9.<\/p>\n<p>\u00ab\u00a0L\u2019objectif recherch\u00e9 \u00e0 travers ce salon est de revisiter, de red\u00e9couvrir et d\u2019\u00e9tudier de pr\u00e8s les \u00e9l\u00e9ments aidant \u00e0 la pr\u00e9servation et \u00e0 la promotion de cette organisation villageoise traditionnelle\u00a0\u00bb, a relev\u00e9 Mme Goumeziane.<\/p>\n<p>A l\u2019ouverture de ce salon un hommage a \u00e9t\u00e9 rendu \u00e0 deux grandes figures qui ont contribu\u00e9 \u00e0 la transmission du patrimoine culturel, Khadidja Djama, animatrice et r\u00e9alisatrice d\u2019\u00e9missions \u00e0 la radio alg\u00e9rienne (Chaine II) et au collectionneur de la chanson amazighe Chami Mohamed, qui dispose d\u2019une collection riche d\u2019environ 1000 cassettes, et 500 anciens disques (entre 78, 33 et 45 tours), plus de 6000 articles de presse, une centaine de CD-ROM et des correspondances avec des chanteurs vivants et disparus.<\/p>\n<p>En marge du salon, la maison de la culture abrite une exposition permanente de livres, d\u2019une partie de la collection de M. Chami, d\u2019objets traditionnels, de burnous du village Houra (Bouzgu\u00e8ne), de maquette de l\u2019architecture traditionnelle et de toiles reproduisant les aspects de l\u2019organisation sociale traditionnelle.<\/p>\n<\/div>\n<p>Auteur:<br \/>\n<a href=\"http:\/\/www.aps.dz\/culture\/95303-tizi-ouzou-ouverture-du-4e-salon-national-culturel-immateriel-consacre-a-tajmaat\">Cliquez ici pour lire l&rsquo;article depuis sa source.<\/a><\/p>\n","protected":false},"excerpt":{"rendered":"<p>TIZI-OUZOU &#8211; La 4\u00e8me \u00e9dition du salon du patrimoine culturel immat\u00e9riel, organis\u00e9e par la direction de la culture de Tizi-Ouzou et consacr\u00e9 cette ann\u00e9e \u00e0 l\u2019organisation villageoise \u00ab\u00a0Tajemaat\u00a0\u00bb (comit\u00e9 ou assembl\u00e9e du village), s&rsquo;est ouverte dimanche \u00e0 la maison de la culture Mouloud Mammeri. Plac\u00e9e sous le th\u00e8me \u00ab\u00a0Tajmaat, symbole des valeurs et des liens [&hellip;]<\/p>\n","protected":false},"author":1790,"featured_media":0,"comment_status":"closed","ping_status":"closed","sticky":false,"template":"","format":"standard","meta":{"fifu_image_url":"","fifu_image_alt":"","footnotes":""},"categories":[53,79],"tags":[],"class_list":["post-63559","post","type-post","status-publish","format-standard","hentry","category-algerie","category-culture"],"_links":{"self":[{"href":"https:\/\/linitiative.ca\/International\/wp-json\/wp\/v2\/posts\/63559","targetHints":{"allow":["GET"]}}],"collection":[{"href":"https:\/\/linitiative.ca\/International\/wp-json\/wp\/v2\/posts"}],"about":[{"href":"https:\/\/linitiative.ca\/International\/wp-json\/wp\/v2\/types\/post"}],"author":[{"embeddable":true,"href":"https:\/\/linitiative.ca\/International\/wp-json\/wp\/v2\/users\/1790"}],"replies":[{"embeddable":true,"href":"https:\/\/linitiative.ca\/International\/wp-json\/wp\/v2\/comments?post=63559"}],"version-history":[{"count":0,"href":"https:\/\/linitiative.ca\/International\/wp-json\/wp\/v2\/posts\/63559\/revisions"}],"wp:attachment":[{"href":"https:\/\/linitiative.ca\/International\/wp-json\/wp\/v2\/media?parent=63559"}],"wp:term":[{"taxonomy":"category","embeddable":true,"href":"https:\/\/linitiative.ca\/International\/wp-json\/wp\/v2\/categories?post=63559"},{"taxonomy":"post_tag","embeddable":true,"href":"https:\/\/linitiative.ca\/International\/wp-json\/wp\/v2\/tags?post=63559"}],"curies":[{"name":"wp","href":"https:\/\/api.w.org\/{rel}","templated":true}]}}