{"id":63562,"date":"2019-10-07T06:00:00","date_gmt":"2019-10-07T10:00:00","guid":{"rendered":"https:\/\/linitiative.ca\/International\/le-journaliste-said-boudour-place-en-garde-a-vue\/"},"modified":"2019-10-07T06:00:00","modified_gmt":"2019-10-07T10:00:00","slug":"le-journaliste-said-boudour-place-en-garde-a-vue","status":"publish","type":"post","link":"https:\/\/linitiative.ca\/International\/le-journaliste-said-boudour-place-en-garde-a-vue\/","title":{"rendered":"Le journaliste Sa\u00efd Boudour plac\u00e9 en garde \u00e0 vue"},"content":{"rendered":"<div id=\"originalText\" readability=\"53\">\n<p>Le cyberjournaliste et militant des droits de l\u2019Homme Sa\u00efd Boudour se trouve, depuis hier midi, en garde \u00e0 vue au si\u00e8ge de la s\u00fbret\u00e9 de wilaya. Les raisons de son placement en garde \u00e0 vue n\u2019\u00e9taient pas connues hier.<\/p>\n<p>Sa\u00efd Boudour a r\u00e9pondu \u00e0 une convocation qui lui avait \u00e9t\u00e9 transmise la semaine pass\u00e9e alors que l\u2019inqui\u00e9tude sur le sort du journaliste s\u2019\u00e9tait r\u00e9pandue parmi ses proches, compte tenu de l\u2019escalade de la r\u00e9pression contre les acteurs du mouvement de contestation et la multiplication des interpellations.<\/p>\n<p>Pour rappel, le militant des droits de l\u2019Homme avait d\u00e9j\u00e0 \u00e9t\u00e9 interpell\u00e9 en juin 2018 et transf\u00e9r\u00e9 de nuit \u00e0 la capitale. \u201cOn m\u2019a accus\u00e9 de salir l\u2019image du pays (\u2026) Mais en fin de compte, aucune charge n\u2019a \u00e9t\u00e9 retenue contre moi et j\u2019ai \u00e9t\u00e9 rel\u00e2ch\u00e9\u201d, avait-il racont\u00e9,\u00a0indiquant avoir refus\u00e9, en\u00a0 sa qualit\u00e9 de t\u00e9moin, de s\u2019exprimer sur l\u2019affaire des 701 kg de\u00a0coca\u00efne.\u00a0<br \/>\u00a0<\/p>\n<p class=\"c10\"><strong>S. Ould Ali<\/strong><\/p>\n<\/div>\n<div id=\"text_core\" readability=\"53\">\n<p>Le cyberjournaliste et militant des droits de l\u2019Homme Sa\u00efd Boudour se trouve, depuis hier midi, en garde \u00e0 vue au si\u00e8ge de la s\u00fbret\u00e9 de wilaya. Les raisons de son placement en garde \u00e0 vue n\u2019\u00e9taient pas connues hier.<\/p>\n<p>Sa\u00efd Boudour a r\u00e9pondu \u00e0 une convocation qui lui avait \u00e9t\u00e9 transmise la semaine pass\u00e9e alors que l\u2019inqui\u00e9tude sur le sort du journaliste s\u2019\u00e9tait r\u00e9pandue parmi ses proches, compte tenu de l\u2019escalade de la r\u00e9pression contre les acteurs du mouvement de contestation et la multiplication des interpellations.<\/p>\n<p>Pour rappel, le militant des droits de l\u2019Homme avait d\u00e9j\u00e0 \u00e9t\u00e9 interpell\u00e9 en juin 2018 et transf\u00e9r\u00e9 de nuit \u00e0 la capitale. \u201cOn m\u2019a accus\u00e9 de salir l\u2019image du pays (\u2026) Mais en fin de compte, aucune charge n\u2019a \u00e9t\u00e9 retenue contre moi et j\u2019ai \u00e9t\u00e9 rel\u00e2ch\u00e9\u201d, avait-il racont\u00e9,\u00a0indiquant avoir refus\u00e9, en\u00a0 sa qualit\u00e9 de t\u00e9moin, de s\u2019exprimer sur l\u2019affaire des 701 kg de\u00a0coca\u00efne.\u00a0<br \/>\u00a0<\/p>\n<p class=\"c10\"><strong>S. Ould Ali<\/strong><\/p>\n<\/div>\n<p>Auteur:<br \/>\n<a href=\"https:\/\/www.liberte-algerie.com\/actualite\/le-journaliste-said-boudour-place-en-garde-a-vue-325415\">Cliquez ici pour lire l&rsquo;article depuis sa source.<\/a><\/p>\n","protected":false},"excerpt":{"rendered":"<p>Le cyberjournaliste et militant des droits de l\u2019Homme Sa\u00efd Boudour se trouve, depuis hier midi, en garde \u00e0 vue au si\u00e8ge de la s\u00fbret\u00e9 de wilaya. Les raisons de son placement en garde \u00e0 vue n\u2019\u00e9taient pas connues hier. Sa\u00efd Boudour a r\u00e9pondu \u00e0 une convocation qui lui avait \u00e9t\u00e9 transmise la semaine pass\u00e9e alors [&hellip;]<\/p>\n","protected":false},"author":1742,"featured_media":0,"comment_status":"closed","ping_status":"closed","sticky":false,"template":"","format":"standard","meta":{"fifu_image_url":"","fifu_image_alt":"","footnotes":""},"categories":[73,53],"tags":[],"class_list":["post-63562","post","type-post","status-publish","format-standard","hentry","category-actualite","category-algerie"],"_links":{"self":[{"href":"https:\/\/linitiative.ca\/International\/wp-json\/wp\/v2\/posts\/63562","targetHints":{"allow":["GET"]}}],"collection":[{"href":"https:\/\/linitiative.ca\/International\/wp-json\/wp\/v2\/posts"}],"about":[{"href":"https:\/\/linitiative.ca\/International\/wp-json\/wp\/v2\/types\/post"}],"author":[{"embeddable":true,"href":"https:\/\/linitiative.ca\/International\/wp-json\/wp\/v2\/users\/1742"}],"replies":[{"embeddable":true,"href":"https:\/\/linitiative.ca\/International\/wp-json\/wp\/v2\/comments?post=63562"}],"version-history":[{"count":0,"href":"https:\/\/linitiative.ca\/International\/wp-json\/wp\/v2\/posts\/63562\/revisions"}],"wp:attachment":[{"href":"https:\/\/linitiative.ca\/International\/wp-json\/wp\/v2\/media?parent=63562"}],"wp:term":[{"taxonomy":"category","embeddable":true,"href":"https:\/\/linitiative.ca\/International\/wp-json\/wp\/v2\/categories?post=63562"},{"taxonomy":"post_tag","embeddable":true,"href":"https:\/\/linitiative.ca\/International\/wp-json\/wp\/v2\/tags?post=63562"}],"curies":[{"name":"wp","href":"https:\/\/api.w.org\/{rel}","templated":true}]}}