{"id":63565,"date":"2019-10-07T08:17:00","date_gmt":"2019-10-07T12:17:00","guid":{"rendered":"https:\/\/linitiative.ca\/International\/le-moudjahid-bouregaa-sapprete-a-entamer-une-greve-de-la-faim\/"},"modified":"2019-10-07T08:17:00","modified_gmt":"2019-10-07T12:17:00","slug":"le-moudjahid-bouregaa-sapprete-a-entamer-une-greve-de-la-faim","status":"publish","type":"post","link":"https:\/\/linitiative.ca\/International\/le-moudjahid-bouregaa-sapprete-a-entamer-une-greve-de-la-faim\/","title":{"rendered":"Le moudjahid Bourega\u00e2 s\u2019appr\u00eate \u00e0 entamer une gr\u00e8ve de la faim"},"content":{"rendered":"<div id=\"originalText\" readability=\"47\">\n<p class=\"c10\">Les avocats des d\u00e9tenus du Mouvement populaire ont annonc\u00e9, aujourd\u2019hui, lors d&rsquo;une conf\u00e9rence de presse tenue \u00e0 Alger, l\u2019intention de Moudjahid Lakhdar Bourega\u00e2 d\u2019entamer une gr\u00e8ve de la faim, avec d\u2019autres d\u00e9tenus d\u2019opinion dans la prison d&rsquo;El Harrach.<\/p>\n<p class=\"c10\">L\u2019annonce a \u00e9t\u00e9 faite par l\u2019avocate Me Nabila Smail, qui a d\u00e9clar\u00e9 que l\u2019\u00e9tat de sant\u00e9 de Bourega\u00e2, \u00e2g\u00e9 de 86 ans, ne lui permettait pas de faire une gr\u00e8ve de la faim. Me Smail a rappel\u00e9 \u00e9galement que le collectif d\u2019avocats a introduit\u00a0 \u00ab deux demandes de libert\u00e9 provisoire, en pr\u00e9sentant son dossier m\u00e9dical \u00bb. Elle a par la m\u00eame occasion d\u00e9nonc\u00e9 les conditions d\u00e9plorables de d\u00e9tention de ces d\u00e9tenus.<\/p>\n<p class=\"c11\">\u00a0<\/p>\n<p class=\"c11\"><strong>Im\u00e8ne AMOKRANE<\/strong><\/p>\n<\/div>\n<div id=\"text_core\" readability=\"47\">\n<p class=\"c10\">Les avocats des d\u00e9tenus du Mouvement populaire ont annonc\u00e9, aujourd\u2019hui, lors d&rsquo;une conf\u00e9rence de presse tenue \u00e0 Alger, l\u2019intention de Moudjahid Lakhdar Bourega\u00e2 d\u2019entamer une gr\u00e8ve de la faim, avec d\u2019autres d\u00e9tenus d\u2019opinion dans la prison d&rsquo;El Harrach.<\/p>\n<p class=\"c10\">L\u2019annonce a \u00e9t\u00e9 faite par l\u2019avocate Me Nabila Smail, qui a d\u00e9clar\u00e9 que l\u2019\u00e9tat de sant\u00e9 de Bourega\u00e2, \u00e2g\u00e9 de 86 ans, ne lui permettait pas de faire une gr\u00e8ve de la faim. Me Smail a rappel\u00e9 \u00e9galement que le collectif d\u2019avocats a introduit\u00a0 \u00ab deux demandes de libert\u00e9 provisoire, en pr\u00e9sentant son dossier m\u00e9dical \u00bb. Elle a par la m\u00eame occasion d\u00e9nonc\u00e9 les conditions d\u00e9plorables de d\u00e9tention de ces d\u00e9tenus.<\/p>\n<p class=\"c11\">\u00a0<\/p>\n<p class=\"c11\"><strong>Im\u00e8ne AMOKRANE<\/strong><\/p>\n<\/div>\n<p>Auteur:<br \/>\n<a href=\"https:\/\/www.liberte-algerie.com\/actualite\/le-moudjahid-bouregaa-sapprete-a-entamer-une-greve-de-la-faim-325494\">Cliquez ici pour lire l&rsquo;article depuis sa source.<\/a><\/p>\n","protected":false},"excerpt":{"rendered":"<p>Les avocats des d\u00e9tenus du Mouvement populaire ont annonc\u00e9, aujourd\u2019hui, lors d&rsquo;une conf\u00e9rence de presse tenue \u00e0 Alger, l\u2019intention de Moudjahid Lakhdar Bourega\u00e2 d\u2019entamer une gr\u00e8ve de la faim, avec d\u2019autres d\u00e9tenus d\u2019opinion dans la prison d&rsquo;El Harrach. L\u2019annonce a \u00e9t\u00e9 faite par l\u2019avocate Me Nabila Smail, qui a d\u00e9clar\u00e9 que l\u2019\u00e9tat de sant\u00e9 de [&hellip;]<\/p>\n","protected":false},"author":1742,"featured_media":0,"comment_status":"closed","ping_status":"closed","sticky":false,"template":"","format":"standard","meta":{"fifu_image_url":"","fifu_image_alt":"","footnotes":""},"categories":[73,53],"tags":[],"class_list":["post-63565","post","type-post","status-publish","format-standard","hentry","category-actualite","category-algerie"],"_links":{"self":[{"href":"https:\/\/linitiative.ca\/International\/wp-json\/wp\/v2\/posts\/63565","targetHints":{"allow":["GET"]}}],"collection":[{"href":"https:\/\/linitiative.ca\/International\/wp-json\/wp\/v2\/posts"}],"about":[{"href":"https:\/\/linitiative.ca\/International\/wp-json\/wp\/v2\/types\/post"}],"author":[{"embeddable":true,"href":"https:\/\/linitiative.ca\/International\/wp-json\/wp\/v2\/users\/1742"}],"replies":[{"embeddable":true,"href":"https:\/\/linitiative.ca\/International\/wp-json\/wp\/v2\/comments?post=63565"}],"version-history":[{"count":0,"href":"https:\/\/linitiative.ca\/International\/wp-json\/wp\/v2\/posts\/63565\/revisions"}],"wp:attachment":[{"href":"https:\/\/linitiative.ca\/International\/wp-json\/wp\/v2\/media?parent=63565"}],"wp:term":[{"taxonomy":"category","embeddable":true,"href":"https:\/\/linitiative.ca\/International\/wp-json\/wp\/v2\/categories?post=63565"},{"taxonomy":"post_tag","embeddable":true,"href":"https:\/\/linitiative.ca\/International\/wp-json\/wp\/v2\/tags?post=63565"}],"curies":[{"name":"wp","href":"https:\/\/api.w.org\/{rel}","templated":true}]}}