{"id":63566,"date":"2019-10-07T09:07:00","date_gmt":"2019-10-07T13:07:00","guid":{"rendered":"https:\/\/linitiative.ca\/International\/averses-de-pluie-et-orages-sur-six-wilayas-de-lest-du-pays\/"},"modified":"2019-10-07T09:07:00","modified_gmt":"2019-10-07T13:07:00","slug":"averses-de-pluie-et-orages-sur-six-wilayas-de-lest-du-pays","status":"publish","type":"post","link":"https:\/\/linitiative.ca\/International\/averses-de-pluie-et-orages-sur-six-wilayas-de-lest-du-pays\/","title":{"rendered":"Averses de pluie et orages sur six wilayas de l&rsquo;Est du pays"},"content":{"rendered":"<div id=\"originalText\" readability=\"49\">\n<p class=\"c10\">De fr\u00e9quentes averses de pluie, accompagn\u00e9es parfois d&rsquo;orages, affecteront\u00a0 Jijel, Skikda, Annaba, El Tarf, Guelma et Souk Ahras \u00e0 partir de lundi apr\u00e8s-midi, selon un bulletin m\u00e9t\u00e9orologique sp\u00e9cial (BMS) \u00e9mis par l&rsquo;Office national de la m\u00e9t\u00e9orologie.\u00a0\u00a0\u00a0\u00a0\u00a0<\/p>\n<p class=\"c10\">Ces six wilayas de l&rsquo;Est du pays ont \u00e9t\u00e9 plac\u00e9es en alerte orange de la carte vigilance et les cumuls estim\u00e9s devraient y atteindre ou d\u00e9passer les 30 mm, et ce \u00e0 partir de lundi \u00e0 15h00 jusqu&rsquo;\u00e0 mardi \u00e0 03h00, pr\u00e9cise le BMS. Selon la m\u00eame source, des rafales de vent sous orages sont \u00e9galement pr\u00e9vus.<\/p>\n<p class=\"c11\"><strong>R\u00e9daction Web<\/strong><\/p>\n<\/div>\n<div id=\"text_core\" readability=\"49\">\n<p class=\"c10\">De fr\u00e9quentes averses de pluie, accompagn\u00e9es parfois d&rsquo;orages, affecteront\u00a0 Jijel, Skikda, Annaba, El Tarf, Guelma et Souk Ahras \u00e0 partir de lundi apr\u00e8s-midi, selon un bulletin m\u00e9t\u00e9orologique sp\u00e9cial (BMS) \u00e9mis par l&rsquo;Office national de la m\u00e9t\u00e9orologie.\u00a0\u00a0\u00a0\u00a0\u00a0<\/p>\n<p class=\"c10\">Ces six wilayas de l&rsquo;Est du pays ont \u00e9t\u00e9 plac\u00e9es en alerte orange de la carte vigilance et les cumuls estim\u00e9s devraient y atteindre ou d\u00e9passer les 30 mm, et ce \u00e0 partir de lundi \u00e0 15h00 jusqu&rsquo;\u00e0 mardi \u00e0 03h00, pr\u00e9cise le BMS. Selon la m\u00eame source, des rafales de vent sous orages sont \u00e9galement pr\u00e9vus.<\/p>\n<p class=\"c11\"><strong>R\u00e9daction Web<\/strong><\/p>\n<\/div>\n<p>Auteur:<br \/>\n<a href=\"https:\/\/www.liberte-algerie.com\/international\/averses-de-pluie-et-orages-sur-six-wilayas-de-lest-du-pays-325495\">Cliquez ici pour lire l&rsquo;article depuis sa source.<\/a><\/p>\n","protected":false},"excerpt":{"rendered":"<p>De fr\u00e9quentes averses de pluie, accompagn\u00e9es parfois d&rsquo;orages, affecteront\u00a0 Jijel, Skikda, Annaba, El Tarf, Guelma et Souk Ahras \u00e0 partir de lundi apr\u00e8s-midi, selon un bulletin m\u00e9t\u00e9orologique sp\u00e9cial (BMS) \u00e9mis par l&rsquo;Office national de la m\u00e9t\u00e9orologie.\u00a0\u00a0\u00a0\u00a0\u00a0 Ces six wilayas de l&rsquo;Est du pays ont \u00e9t\u00e9 plac\u00e9es en alerte orange de la carte vigilance et les [&hellip;]<\/p>\n","protected":false},"author":1742,"featured_media":0,"comment_status":"closed","ping_status":"closed","sticky":false,"template":"","format":"standard","meta":{"fifu_image_url":"","fifu_image_alt":"","footnotes":""},"categories":[73,53],"tags":[],"class_list":["post-63566","post","type-post","status-publish","format-standard","hentry","category-actualite","category-algerie"],"_links":{"self":[{"href":"https:\/\/linitiative.ca\/International\/wp-json\/wp\/v2\/posts\/63566","targetHints":{"allow":["GET"]}}],"collection":[{"href":"https:\/\/linitiative.ca\/International\/wp-json\/wp\/v2\/posts"}],"about":[{"href":"https:\/\/linitiative.ca\/International\/wp-json\/wp\/v2\/types\/post"}],"author":[{"embeddable":true,"href":"https:\/\/linitiative.ca\/International\/wp-json\/wp\/v2\/users\/1742"}],"replies":[{"embeddable":true,"href":"https:\/\/linitiative.ca\/International\/wp-json\/wp\/v2\/comments?post=63566"}],"version-history":[{"count":0,"href":"https:\/\/linitiative.ca\/International\/wp-json\/wp\/v2\/posts\/63566\/revisions"}],"wp:attachment":[{"href":"https:\/\/linitiative.ca\/International\/wp-json\/wp\/v2\/media?parent=63566"}],"wp:term":[{"taxonomy":"category","embeddable":true,"href":"https:\/\/linitiative.ca\/International\/wp-json\/wp\/v2\/categories?post=63566"},{"taxonomy":"post_tag","embeddable":true,"href":"https:\/\/linitiative.ca\/International\/wp-json\/wp\/v2\/tags?post=63566"}],"curies":[{"name":"wp","href":"https:\/\/api.w.org\/{rel}","templated":true}]}}