{"id":63568,"date":"2019-10-07T01:21:21","date_gmt":"2019-10-07T05:21:21","guid":{"rendered":"https:\/\/linitiative.ca\/International\/des-jeunes-mobilises-pour-la-prevention-routiere\/"},"modified":"2019-10-07T01:21:21","modified_gmt":"2019-10-07T05:21:21","slug":"des-jeunes-mobilises-pour-la-prevention-routiere","status":"publish","type":"post","link":"https:\/\/linitiative.ca\/International\/des-jeunes-mobilises-pour-la-prevention-routiere\/","title":{"rendered":"Des jeunes mobilis\u00e9s pour la pr\u00e9vention routi\u00e8re"},"content":{"rendered":"<div readability=\"36\">\n<p>Essaouira- Plusieurs membres de l\u2019Association \u00a0\u00bbMoga jeunes\u00a0\u00bb se sont mobilis\u00e9s, samedi \u00e0 Essaouira, en faveur de la sensibilisation des conducteurs quant \u00e0 l\u2019imp\u00e9ratif d\u2019adopter un comportement citoyen lors de la conduite et de veiller scrupuleusement au respect du code de la route.<\/p>\n<\/div>\n<div readability=\"112\">\n<p>Baptis\u00e9e \u00a0\u00bbLa Citoyen-itude des jeunes\u00a0\u00bb, cette action de sensibilisation des conducteurs, a \u00e9t\u00e9 organis\u00e9e simultan\u00e9ment dans les villes de Casablanca, de\u00a0Marrakech, de F\u00e8s, de Rabat et d\u2019Oujda.<\/p>\n<p>Il s\u2019agit d\u2019une initiative civique et responsable qui t\u00e9moigne de la d\u00e9termination des jeunes \u00e0 contribuer aux efforts visant une transformation \u00e9difiante et positive de la soci\u00e9t\u00e9 marocaine \u00ab\u00a0sur le terrain\u00a0\u00bb via des actions concr\u00e8tes destin\u00e9es \u00e0 consolider l\u2019appartenance \u00e0 la Patrie et la promotion des valeurs du respect d\u2019autrui et du vivre en commun.<\/p>\n<p>C\u2019est dans un souci d\u2019alerter sur les dangers de la route, que les membres de \u00ab\u00a0Moga Jeunes\u00a0\u00bb sont all\u00e9s au-devant des automobilistes afin de leur remettre un \u00ab\u00a0Manifeste de 10 r\u00e8gles sur la Route\u00a0\u00bb ainsi que des autocollants \u00e0 placer sur les pare-brises de leurs v\u00e9hicules.<\/p>\n<p>\u00ab\u00a0Chauffards, imprudences, v\u00e9hicules hors d\u2019\u00e9tat et v\u00e9tustes, incivilit\u00e9s\u2026Tous nous avons un r\u00f4le \u00e0 tenir afin que l\u2019un des fl\u00e9aux les plus meurtriers au Maroc comme ailleurs, soit combattu\u00a0\u00bb, expliquent des jeunes associatifs r\u00e9unis sous le Label \u00a0\u00bbMarocco L\u2019Ghed\u00a0\u00bb, s\u2019interrogeant sur le nombre alarmant de victimes des accidents de la route parmi les morts, les bless\u00e9s, et les personnes handicap\u00e9es.<\/p>\n<p>Et d\u2019ajouter que tout un chacun, d\u2019une fa\u00e7on ou d\u2019une autre, se trouve responsable, notant que le respect strict du code de la route, d\u2019autrui, du vivre-ensemble et des lois en vigueur contribuerait sans nul doute \u00e0 r\u00e9duire le bilan cruel des accidents de la route.<\/p>\n<p>\u00ab\u00a0Les accidents de la route cause chaque ann\u00e9e plusieurs morts et bless\u00e9s parmi des innocents, des chiffres qui ne cessent d\u2019augmenter. Nous avons d\u00e9cid\u00e9, nous jeunes souiris d\u2019associer notre voix \u00e0 celles des autres jeunes acteurs associatifs \u00e0 travers plusieurs villes du Royaume, unis sous le label Morocco L\u2019Ghed pour dire \u00ab\u00a0Non\u00a0\u00bb \u00e0 l\u2019insouciance et aux comportements irresponsables sur nos routes\u00a0\u00bb, a confi\u00e9 \u00e0 la MAP, Otmane Mazzine, pr\u00e9sident de l\u2019Association \u00ab\u00a0Moga\u2019Jeunes\u00a0\u00bb.<\/p>\n<p>Sous le slogan \u00a0\u00bbBon conducteur, je m\u2019engage\u00a0\u00bb, \u00ab\u00a0nous avons voulu partir \u00e0 la rencontre des automobilistes pour les sensibiliser et leur rappeler que le respect du Code de la route, c\u2019est aussi le respect de leur vie et de celle des autres, ce qui constitue sans nul doute une autre illustration de la citoyennet\u00e9 effective et responsable\u00a0\u00bb, a-t-il dit.<\/p>\n<p>\u00ab\u00a0Notre jeunesse a \u00e9t\u00e9 mobilis\u00e9e une fois de plus et a ajout\u00e9 le civisme aux activit\u00e9s culturelles dans plusieurs villes\u00a0\u00bb, s\u2019est f\u00e9licit\u00e9, de son c\u00f4t\u00e9, Ahmed Ghayet, pr\u00e9sident de l\u2019Association \u00ab\u00a0Marocains Pluriels\u00a0\u00bb et parrain de cette action citoyenne.<\/p>\n<p>\u00ab\u00a0C\u2019est une action citoyenne \u00e0 encourager et \u00e0 soutenir. Une centaine de jeunes ont ainsi saisi l\u2019occasion pour partir \u00e0 la rencontre des conducteurs, le temps de leur remettre stickers et flyers, leur rappelant les r\u00e8gles d\u2019or d\u2019une bonne conduite sur les routes et les inciter \u00e0 s\u2019inscrire positivement dans tous les efforts men\u00e9s en vue de lutter contre les incivilit\u00e9s au volant\u00a0\u00bb, a-t-il pr\u00e9cis\u00e9.<\/p>\n<p>Et de conclure en disant toute sa joie et sa fiert\u00e9 de cette jeunesse qui cherche sans cesse \u00e0 innover et \u00e0 asseoir les bases d\u2019une citoyennet\u00e9 effective, digne et responsable.<\/p>\n<\/div>\n<p>Auteur: Mohammed KOURSI<br \/>\n<a href=\"http:\/\/www.mapmarrakech.ma\/fr\/des-jeunes-mobilises-pour-la-prevention-routiere\/\">Cliquez ici pour lire l&rsquo;article depuis sa source.<\/a><\/p>\n","protected":false},"excerpt":{"rendered":"<p>Essaouira- Plusieurs membres de l\u2019Association \u00a0\u00bbMoga jeunes\u00a0\u00bb se sont mobilis\u00e9s, samedi \u00e0 Essaouira, en faveur de la sensibilisation des conducteurs quant \u00e0 l\u2019imp\u00e9ratif d\u2019adopter un comportement citoyen lors de la conduite et de veiller scrupuleusement au respect du code de la route. Baptis\u00e9e \u00a0\u00bbLa Citoyen-itude des jeunes\u00a0\u00bb, cette action de sensibilisation des conducteurs, a \u00e9t\u00e9 [&hellip;]<\/p>\n","protected":false},"author":1788,"featured_media":0,"comment_status":"closed","ping_status":"closed","sticky":false,"template":"","format":"standard","meta":{"fifu_image_url":"","fifu_image_alt":"","footnotes":""},"categories":[54,76],"tags":[],"class_list":["post-63568","post","type-post","status-publish","format-standard","hentry","category-maroc","category-regions"],"_links":{"self":[{"href":"https:\/\/linitiative.ca\/International\/wp-json\/wp\/v2\/posts\/63568","targetHints":{"allow":["GET"]}}],"collection":[{"href":"https:\/\/linitiative.ca\/International\/wp-json\/wp\/v2\/posts"}],"about":[{"href":"https:\/\/linitiative.ca\/International\/wp-json\/wp\/v2\/types\/post"}],"author":[{"embeddable":true,"href":"https:\/\/linitiative.ca\/International\/wp-json\/wp\/v2\/users\/1788"}],"replies":[{"embeddable":true,"href":"https:\/\/linitiative.ca\/International\/wp-json\/wp\/v2\/comments?post=63568"}],"version-history":[{"count":0,"href":"https:\/\/linitiative.ca\/International\/wp-json\/wp\/v2\/posts\/63568\/revisions"}],"wp:attachment":[{"href":"https:\/\/linitiative.ca\/International\/wp-json\/wp\/v2\/media?parent=63568"}],"wp:term":[{"taxonomy":"category","embeddable":true,"href":"https:\/\/linitiative.ca\/International\/wp-json\/wp\/v2\/categories?post=63568"},{"taxonomy":"post_tag","embeddable":true,"href":"https:\/\/linitiative.ca\/International\/wp-json\/wp\/v2\/tags?post=63568"}],"curies":[{"name":"wp","href":"https:\/\/api.w.org\/{rel}","templated":true}]}}