{"id":63570,"date":"2019-10-07T09:35:59","date_gmt":"2019-10-07T13:35:59","guid":{"rendered":"https:\/\/linitiative.ca\/International\/les-andalousies-atlantiques-15-concerts-danthologie\/"},"modified":"2019-10-07T09:35:59","modified_gmt":"2019-10-07T13:35:59","slug":"les-andalousies-atlantiques-15-concerts-danthologie","status":"publish","type":"post","link":"https:\/\/linitiative.ca\/International\/les-andalousies-atlantiques-15-concerts-danthologie\/","title":{"rendered":"Les Andalousies Atlantiques: 15 Concerts d\u2019anthologie"},"content":{"rendered":"<div readability=\"36\">\n<p>Essaouira- La ville d\u2019Essaouira accueillera du 31 octobre au 3 novembre prochains, la 16\u00e8 \u00e9dition du Festival \u00ab\u00a0Les Andalousies Atlantiques\u00a0\u00bb, avec au menu 15 Concerts d\u2019anthologie d\u00e9di\u00e9s \u00e0 donner au Patrimoine Musical Jud\u00e9o-Arabe ses lettres de noblesse.<\/p>\n<\/div>\n<div readability=\"162\">\n<p>Initi\u00e9 par l\u2019Association\u00a0Essaouira-Mogador, ce Festival se veut un rendez-vous annuel incontournable et un \u00e9v\u00e9nement unique au monde, en ce sens que c\u2019est au Maroc, au Maghreb et en terre d\u2019Islam que des milliers de Musulmans et de Juifs se donnent rendez-vous pendant plusieurs jours pour chanter ensemble, jouer de la musique ensemble et f\u00eater dans la joie leur histoires partag\u00e9es, leurs m\u00e9moires m\u00eal\u00e9es et leur patrimoine musical interpr\u00e9t\u00e9 souvent \u00e0\u00a0Essaouira\u00a0en arabe et en h\u00e9breu.<\/p>\n<p>\u00ab\u00a0Pour ceux qui ont pu en douter il y a plus de quinze ans quand naissait \u00e0\u00a0Essaouira\u00a0le Festival des Andalousies Atlantiques, c\u2019est au Maroc, au Maghreb et en terre d\u2019Islam que chaque ann\u00e9e des milliers de Musulmans et de Juifs se donnent rendez-vous pendant plusieurs jours pour chanter ensemble, jouer de la musique ensemble et f\u00eater dans la joie leurs histoires partag\u00e9es, leurs m\u00e9moires m\u00eal\u00e9es et leur patrimoine musical interpr\u00e9t\u00e9 \u00e0 4 mains et comme souvent \u00e0\u00a0Essaouira\u00a0alternativement en arabe et en h\u00e9breu\u00a0\u00bb, lit-on dans un communiqu\u00e9 de l\u2019Association\u00a0Essaouira-Mogador.<\/p>\n<p>Et de poursuivre que 2018 avait \u00e9t\u00e9, \u00e0 cet \u00e9gard, une \u00e9dition d\u2019exception. Rarement, en effet, on aura vu la musique et le chant susciter autant d\u2019\u00e9motions, autant de larmes pour dire la joie des retrouvailles \u00e0 l\u2019\u00e9coute de cette musique brod\u00e9e, ce \u00ab\u00a0matrouz\u00a0\u00bb dont le Maroc a le secret et le talent enracin\u00e9s dans la profondeur et la richesse d\u2019une histoire plusieurs fois mill\u00e9naire.<\/p>\n<p>\u2018\u00a0\u00bbC\u2019\u00e9tait en 2018 mais 2019 et \u00f4 combien ne sera pas en reste si l\u2019on en juge par la cr\u00e9ativit\u00e9, l\u2019audace et le caract\u00e8re in\u00e9dit du programme auquel nous invitent cette ann\u00e9e ces +Andaloussiates Souiries+ plus pr\u00e9cieuses que jamais\u00a0\u00bb, ajoute-t-on.<\/p>\n<p>Pr\u00e9cieuses d\u2019abord avec les femmes mises \u00e0 l\u2019honneur lors de cette nouvelle \u00e9dition, non pas par ph\u00e9nom\u00e8ne de mode mais parce qu\u2019Essaouira\u00a0a la bonne id\u00e9e de faire miroir et \u00e9cho \u00e0 ces jeunes femmes, chaque ann\u00e9e plus nombreuses \u00e0 se r\u00e9approprier les r\u00e9pertoires les plus embl\u00e9matiques de notre musique andalouse, du Chgouri ou du malhoun jud\u00e9o-arabe.<\/p>\n<p>Sont ainsi attendues \u00e0\u00a0Essaouira, \u00ab\u00a0Samia Ahmed\u00a0\u00bb qui propose un voyage musical retra\u00e7ant l\u2019Histoire de l\u2019Andalousie, \u00ab\u00a0Asmae Lazrak\u00a0\u00bb pour revisiter \u00e0 sa fa\u00e7on les qsa\u00efd qui incarnent depuis la nuit des temps ce malhoun jud\u00e9o-arabe traversant les espaces et les g\u00e9n\u00e9rations pour \u00ab\u00a0nous dire un hier qui nous aide \u00e0 \u00e9crire au futur cette belle histoire marocaine\u00a0\u00bb (au programme : Ana El Kaoui, Lalla Ghita Moulati, etc\u2026), pr\u00e9cisent les organisateurs.<\/p>\n<p>Les festivaliers auront \u00e9galement \u00e0 appr\u00e9cier les prestations de \u00ab\u00a0Dalila Meksoub\u00a0\u00bb qui chantera, entre autres, \u00ab\u00a0Line Monty\u00a0\u00bb, \u00ab\u00a0Salim Halali\u00a0\u00bb, \u00ab\u00a0Samy Al Maghribi\u00a0\u00bb avec, cerise sur le g\u00e2teau et en grande premi\u00e8re, une qsida louant le proph\u00e8te Sidna Mohamed (PSL) sur un texte du grand po\u00e8te juif, le Ma\u00e2lem Ayouch Benmouyal Souiri.<\/p>\n<p>Avec \u00ab\u00a0Asmae Lazrak\u00a0\u00bb et \u00ab\u00a0Dalila Meksoub\u00a0\u00bb, sont aussi \u00e0 l\u2019affiche \u00ab\u00a0Hanae Touk\u00a0\u00bb, \u00ab\u00a0Tamar Bloch\u00a0\u00bb et \u00ab\u00a0Chaimae Imran\u00a0\u00bb afin de rendre hommage \u00e0 la grande pianiste \u00ab\u00a0Hajja Ghita El Oufir\u00a0\u00bb qui nous a quitt\u00e9s depuis plusieurs ann\u00e9es mais qui aura profond\u00e9ment marqu\u00e9 depuis Rabat la sc\u00e8ne maghr\u00e9bine de la musique andalouse, pr\u00e9cise-t-on.<\/p>\n<p>Et de faire observer que cet hommage aux femmes, qui donnera le ton \u00e0 cette 16\u00e8me \u00e9dition des \u00ab\u00a0Andalousies Atlantiques\u00a0\u00bb fera \u00e9cho \u00e0 la place faite aux jeunes cette ann\u00e9e. Musulmans et Juifs, ces \u00e9toiles montantes sont d\u00e9termin\u00e9es \u00e0 ne rien oublier de ce que leurs a\u00een\u00e9s leur ont l\u00e9gu\u00e9. Ils s\u2019appellent \u00ab\u00a0Elad Levi\u00a0\u00bb, \u00ab\u00a0Anas Belhachemi\u00a0\u00bb, \u00ab\u00a0Yohai Cohen\u00a0\u00bb, \u00ab\u00a0Salah Eddine Mesbah\u00a0\u00bb, \u00ab\u00a0Hay Korkos\u00a0\u00bb ou \u00ab\u00a0Hicham Dinar\u00a0\u00bb, note-t-on.<\/p>\n<p>Une lecture exhaustive du programme r\u00e9v\u00e8le l\u2019exceptionnelle diversit\u00e9 et densit\u00e9 des 15 concerts qui vont jalonner \u00e0\u00a0Essaouira\u00a0ces trois jours de f\u00eates de toutes nos musiques rejointes par le flamenco, poursuit la m\u00eame source, soulignant que directement venue de S\u00e9ville, la \u00ab\u00a0Compa\u00f1\u00eda Leonor Real\u00a0\u00bb retrouvera sur sc\u00e8ne \u00ab\u00a0l\u2019orchestre Rawafid\u00a0\u00bb, l\u2019une de nos meilleures formations de musique andalouse dirig\u00e9e par Ma\u00eetre Omar Metioui.<\/p>\n<p>Last but not least, \u00ab\u00a0Raymonde Al Bidaouia\u00a0\u00bb \u00e0 laquelle\u00a0Essaouira\u00a0a choisi avec bonheur d\u2019identifier ses Andalousies, va cette ann\u00e9e encore gratifier le public de deux concerts. Le premier soir \u00e0 Dar Souiri apr\u00e8s minuit et samedi \u00e0 la cl\u00f4ture pour une rencontre singuli\u00e8re et riche de promesses entre deux monstres sacr\u00e9s, \u00ab\u00a0Raymonde Al Bidaouia\u00a0\u00bb et le grand ma\u00eetre \u00ab\u00a0Ben Omar Ziani\u00a0\u00bb, ic\u00f4ne incontest\u00e9e et incarnation pionni\u00e8re et embl\u00e9matique de la musique jud\u00e9o-arabe au Maroc et bien au-del\u00e0.<\/p>\n<p>Le Maestro et la Malka \u00ab\u00a0nous feront l\u2019offrande d\u2019un concert improbable et inattendu mais qui fera date dans les annales de la musique marocaine\u00a0\u00bb, un de ces concerts dont\u00a0Essaouira\u00a0a le secret et qui donnera tout son sens \u00e0 l\u2019hommage qui sera rendu en ouverture \u00e0 Cheikh Mouizo, le chantre engag\u00e9, exigeant et militant de toutes les causes et de toutes les fid\u00e9lit\u00e9s qui ont jalonn\u00e9 la saga ou plut\u00f4t l\u2019\u00e9pop\u00e9e fascinante et parfois contrast\u00e9e du juda\u00efsme marocain au cours du 20\u00e8me si\u00e8cle, souligne-t-on.<\/p>\n<p>\u00ab\u00a0Saga et \u00e9pop\u00e9e dont le point d\u2019orgue et la conclusion cette ann\u00e9e auront pour cadre la Zaouia Kadiriya qui ouvrira ses portes \u00e0 tous pour une soir\u00e9e longtemps esp\u00e9r\u00e9e au fil d\u2019un voyage hors du temps o\u00f9 se chanteront en arabe et en h\u00e9breu les Qsaid les plus embl\u00e9matiques de notre patrimoine Ala\u00a0\u00bb, ont fait savoir les organisateurs.<\/p>\n<p>Et d\u2019encha\u00eener que le Festival des \u00ab\u00a0Andalousies Atlantiques\u00a0\u00bb, c\u2019est aussi des d\u00e9bats, dans le cadre de son Forum-Agora, et des expositions, pr\u00e9cisant que pour cette \u00e9dition, Malika Demnati El Mansouri conviera les festivaliers \u00e0 un accrochage \u00e0 la th\u00e9matique ad\u00e9quate \u00ab\u00a0Le vivre ensemble\u00a0\u00bb. N\u2019est-ce pas l\u2019esprit m\u00eame d\u2019Essaouira, cit\u00e9 des saints Sidi Magdoul et Rabbi Ha\u00efm Pinto, conclut le communiqu\u00e9.<\/p>\n<\/div>\n<p>Auteur: Mohammed KOURSI<br \/>\n<a href=\"http:\/\/www.mapmarrakech.ma\/fr\/festival-les-andalousies-atlantiques-15-concerts-danthologie\/\">Cliquez ici pour lire l&rsquo;article depuis sa source.<\/a><\/p>\n","protected":false},"excerpt":{"rendered":"<p>Essaouira- La ville d\u2019Essaouira accueillera du 31 octobre au 3 novembre prochains, la 16\u00e8 \u00e9dition du Festival \u00ab\u00a0Les Andalousies Atlantiques\u00a0\u00bb, avec au menu 15 Concerts d\u2019anthologie d\u00e9di\u00e9s \u00e0 donner au Patrimoine Musical Jud\u00e9o-Arabe ses lettres de noblesse. Initi\u00e9 par l\u2019Association\u00a0Essaouira-Mogador, ce Festival se veut un rendez-vous annuel incontournable et un \u00e9v\u00e9nement unique au monde, en [&hellip;]<\/p>\n","protected":false},"author":1788,"featured_media":0,"comment_status":"closed","ping_status":"closed","sticky":false,"template":"","format":"standard","meta":{"fifu_image_url":"","fifu_image_alt":"","footnotes":""},"categories":[54,76],"tags":[],"class_list":["post-63570","post","type-post","status-publish","format-standard","hentry","category-maroc","category-regions"],"_links":{"self":[{"href":"https:\/\/linitiative.ca\/International\/wp-json\/wp\/v2\/posts\/63570","targetHints":{"allow":["GET"]}}],"collection":[{"href":"https:\/\/linitiative.ca\/International\/wp-json\/wp\/v2\/posts"}],"about":[{"href":"https:\/\/linitiative.ca\/International\/wp-json\/wp\/v2\/types\/post"}],"author":[{"embeddable":true,"href":"https:\/\/linitiative.ca\/International\/wp-json\/wp\/v2\/users\/1788"}],"replies":[{"embeddable":true,"href":"https:\/\/linitiative.ca\/International\/wp-json\/wp\/v2\/comments?post=63570"}],"version-history":[{"count":0,"href":"https:\/\/linitiative.ca\/International\/wp-json\/wp\/v2\/posts\/63570\/revisions"}],"wp:attachment":[{"href":"https:\/\/linitiative.ca\/International\/wp-json\/wp\/v2\/media?parent=63570"}],"wp:term":[{"taxonomy":"category","embeddable":true,"href":"https:\/\/linitiative.ca\/International\/wp-json\/wp\/v2\/categories?post=63570"},{"taxonomy":"post_tag","embeddable":true,"href":"https:\/\/linitiative.ca\/International\/wp-json\/wp\/v2\/tags?post=63570"}],"curies":[{"name":"wp","href":"https:\/\/api.w.org\/{rel}","templated":true}]}}