{"id":63571,"date":"2019-10-07T09:52:48","date_gmt":"2019-10-07T13:52:48","guid":{"rendered":"https:\/\/linitiative.ca\/International\/entretiens-avec-des-parlementaires-hollandais-et-irlandais\/"},"modified":"2019-10-07T09:52:48","modified_gmt":"2019-10-07T13:52:48","slug":"entretiens-avec-des-parlementaires-hollandais-et-irlandais","status":"publish","type":"post","link":"https:\/\/linitiative.ca\/International\/entretiens-avec-des-parlementaires-hollandais-et-irlandais\/","title":{"rendered":"Entretiens avec des parlementaires hollandais et irlandais"},"content":{"rendered":"<p><iframe loading=\"lazy\" width=\"1170\" height=\"658\" src=\"https:\/\/www.youtube.com\/embed\/T3V74UH7tcc?feature=oembed\" frameborder=\"0\" allow=\"accelerometer; autoplay; encrypted-media; gyroscope; picture-in-picture\" allowfullscreen=\"\">[embedded content]<\/iframe><\/p>\n<div class=\"single-post-excerpt post-excerpt-bc\" readability=\"40\">\n<p>Les moyens de promouvoir la coop\u00e9ration bilat\u00e9rale et parlementaire ont \u00e9t\u00e9, samedi \u00e0 Marrakech, au centre d\u2019entretiens entre le premier vice-pr\u00e9sident de la Chambre des Conseillers, Abdessamad Kayouh, et des parlementaires hollandais et irlandais, membres du groupe d\u2019amiti\u00e9 parlementaire maroco-irlandais.<\/p>\n<\/div>\n<p>Auteur: Mohammed KOURSI<br \/>\n<a href=\"http:\/\/www.mapmarrakech.ma\/fr\/entretiens-avec-des-parlementaires-hollandais-et-irlandais\/\">Cliquez ici pour lire l&rsquo;article depuis sa source.<\/a><\/p>\n","protected":false},"excerpt":{"rendered":"<p>[embedded content] Les moyens de promouvoir la coop\u00e9ration bilat\u00e9rale et parlementaire ont \u00e9t\u00e9, samedi \u00e0 Marrakech, au centre d\u2019entretiens entre le premier vice-pr\u00e9sident de la Chambre des Conseillers, Abdessamad Kayouh, et des parlementaires hollandais et irlandais, membres du groupe d\u2019amiti\u00e9 parlementaire maroco-irlandais. Auteur: Mohammed KOURSI Cliquez ici pour lire l&rsquo;article depuis sa source.<\/p>\n","protected":false},"author":1788,"featured_media":0,"comment_status":"closed","ping_status":"closed","sticky":false,"template":"","format":"standard","meta":{"fifu_image_url":"","fifu_image_alt":"","footnotes":""},"categories":[54,76],"tags":[],"class_list":["post-63571","post","type-post","status-publish","format-standard","hentry","category-maroc","category-regions"],"_links":{"self":[{"href":"https:\/\/linitiative.ca\/International\/wp-json\/wp\/v2\/posts\/63571","targetHints":{"allow":["GET"]}}],"collection":[{"href":"https:\/\/linitiative.ca\/International\/wp-json\/wp\/v2\/posts"}],"about":[{"href":"https:\/\/linitiative.ca\/International\/wp-json\/wp\/v2\/types\/post"}],"author":[{"embeddable":true,"href":"https:\/\/linitiative.ca\/International\/wp-json\/wp\/v2\/users\/1788"}],"replies":[{"embeddable":true,"href":"https:\/\/linitiative.ca\/International\/wp-json\/wp\/v2\/comments?post=63571"}],"version-history":[{"count":0,"href":"https:\/\/linitiative.ca\/International\/wp-json\/wp\/v2\/posts\/63571\/revisions"}],"wp:attachment":[{"href":"https:\/\/linitiative.ca\/International\/wp-json\/wp\/v2\/media?parent=63571"}],"wp:term":[{"taxonomy":"category","embeddable":true,"href":"https:\/\/linitiative.ca\/International\/wp-json\/wp\/v2\/categories?post=63571"},{"taxonomy":"post_tag","embeddable":true,"href":"https:\/\/linitiative.ca\/International\/wp-json\/wp\/v2\/tags?post=63571"}],"curies":[{"name":"wp","href":"https:\/\/api.w.org\/{rel}","templated":true}]}}