{"id":63572,"date":"2019-10-07T10:02:33","date_gmt":"2019-10-07T14:02:33","guid":{"rendered":"https:\/\/linitiative.ca\/International\/un-livre-entre-les-mains-le-meilleur-service-a-rendre\/"},"modified":"2019-10-07T10:02:33","modified_gmt":"2019-10-07T14:02:33","slug":"un-livre-entre-les-mains-le-meilleur-service-a-rendre","status":"publish","type":"post","link":"https:\/\/linitiative.ca\/International\/un-livre-entre-les-mains-le-meilleur-service-a-rendre\/","title":{"rendered":"Un livre entre les mains, le meilleur service \u00e0 rendre"},"content":{"rendered":"<div readability=\"39\">\n<p>Marrakech- Dans ce monde globalis\u00e9 et conflictuel, le meilleur service qu\u2019on peut rendre aux gens est de leur mettre un livre entre les mains, a soulign\u00e9, samedi \u00e0 Marrakech, l\u2019\u00e9crivaine et l\u2019ancienne ministre fran\u00e7aise de l\u2019\u00e9ducation nationale, Najat Vallaud-Belkacem.<\/p>\n<\/div>\n<div readability=\"136\">\n<p>\u00ab\u00a0Se plonger dans la lecture nous permet de r\u00eaver, d\u2019imaginer d\u2019autres vies et des choses inimaginables, d\u2019ouvrir notre esprit et de vivre une belle aventure. Le livre a \u00e9t\u00e9 et restera mon principal objet d\u2019\u00e9vasion\u00a0\u00bb, a relev\u00e9 Mme Vallaud-Belkacem lors d\u2019une conf\u00e9rence organis\u00e9e sous le th\u00e8me \u00ab\u00a0L\u2019\u00e9criture et la parole\u00a0\u00bb, dans le cadre de la 3\u00e8me \u00e9dition de l\u2019\u00e9v\u00e9nement culturel \u00ab\u00a0litt\u00e9ratures itin\u00e9rantes\u00a0\u00bb.<\/p>\n<p>\u00ab\u00a0Les mots sont plus construits, intelligibles, profonds et sensibles lorsqu\u2019il s\u2019agit d\u2019un \u00e9crit. C\u2019est pour cela que\u00a0j\u2019accorde plus d\u2019importance \u00e0 l\u2019\u00e9criture qu\u2019\u00e0 la parole contrairement \u00e0 ce qui est connu\u00a0\u00bb, a-t-elle soulign\u00e9, expliquant que \u00ab\u00a0lorsqu\u2019on \u00e9crit quelque chose un sentiment, une lettre\u2026 on p\u00e8se plus\u00a0ses mots, en mettant toute la subtilit\u00e9 possible\u00a0\u00bb.<\/p>\n<p>\u00ab\u00a0Le livre est universel. Chacun de nous peut se retrouver dans une histoire. C\u2019est comme si on est en face d\u2019un miroir o\u00f9 se refl\u00e8te notre image r\u00e9elle\u00a0\u00bb, a-t-elle not\u00e9, appelant \u00e0 cultiver\u00a0un monde o\u00f9 l\u2019importance est donn\u00e9e en premier lieu \u00e0 l\u2019\u00e9criture qu\u2019\u00e0 la parole.<\/p>\n<p>\u00ab\u00a0Dans nos soci\u00e9t\u00e9s modernes et avec l\u2019\u00e9mergence des nouvelles technologie, la parole est entrain de prendre le pas sur l\u2019\u00e9criture\u00a0\u00bb, a-t-elle d\u00e9plor\u00e9. Selon cette militante franco-marocaine, les textes\u00a0sur internet ne repr\u00e9sentent pas la v\u00e9ritable valeur et ne traduisent pas le vrai plaisir de la lecture d\u2019un livre: ce sont des paroles qui s\u2019envolent sans laisser de trace m\u00eame lorsqu\u2019elles sont \u00e9crites.<\/p>\n<p>\u00ab\u00a0Malheureusement, l\u2019internet a lourdement impact\u00e9 l\u2019\u00e9criture et la lecture. Aujourd\u2019hui, l\u2019image se substitue \u00e0 l\u2019expression, elle a affaibli la parole et les relations humaines\u2026\u00a0\u00bb, a-t-elle regrett\u00e9.<\/p>\n<p>Les nouvelles technologies ont \u00ab\u00a0r\u00e9tr\u00e9ci nos vies, nos \u00e9motions, notre libre arbitre et imagination, bref notre capacit\u00e9 d\u2019\u00eatre humain\u00a0\u00bb, en se dirigeant vers quelque chose de ma\u00eetrisable, a-t-elle estim\u00e9.<\/p>\n<p>De son c\u00f4t\u00e9, l\u2019\u00e9crivain et sociologue, Mohamed Ennaji, a indiqu\u00e9 que la relation entre la parole et l\u2019\u00e9criture est intimement li\u00e9e, les deux constituant une puissance cr\u00e9atrice sans limites.<\/p>\n<p>\u00ab\u00a0Tout type de texte, m\u00eame les plus sacr\u00e9s, est une forme de rencontre entre la parole et l\u2019\u00e9criture. Il y a au d\u00e9but la parole et puis l\u2019\u00e9criture qui est une n\u00e9cessit\u00e9 absolue pour transmettre le message oral. Il s\u2019agit d\u2019un rapport de compl\u00e9mentarit\u00e9\u00a0\u00bb, a-t-il relev\u00e9.<\/p>\n<p>Plac\u00e9e sous le Haut Patronage de SM le Roi Mohammed VI, la troisi\u00e8me \u00e9dition des \u00ab\u00a0litt\u00e9ratures itin\u00e9rantes\u00a0\u00bb, conna\u00eet\u00a0la participation de quelque 40 \u00e9crivaines et \u00e9crivains repr\u00e9sentant le Maroc, le Liban, l\u2019Alg\u00e9rie, la Tunisie, la France et l\u2019Afrique sub-saharienne, et proposant des livres en langues arabe, amazighe et fran\u00e7aise.<\/p>\n<p>L\u2019un des objectifs principaux de cette \u00e9dition, organis\u00e9e sous le th\u00e8me \u00ab\u00a040 \u00e9crivains sur l\u2019esplanade de la Koutoubia\u00a0\u00bb, est la d\u00e9couverte de jeunes plumes dans le cadre de concours d\u2019\u00e9criture de la nouvelle chez les jeunes, l\u2019un en langue arabe et l\u2019autre en langue fran\u00e7aise.<\/p>\n<p>Au terme de ces sessions de d\u00e9bat, les 40 \u00e9crivains d\u00e9dicaceront leurs livres sur l\u2019esplanade de la Koutoubia, et les lecteurs pourront rencontrer et \u00e9changer avec les auteurs autour de leurs livres.<\/p>\n<p>Cette manifestation culturelle, qui attire des personnalit\u00e9s du monde litt\u00e9raire europ\u00e9en, maghr\u00e9bin et africain, sera cl\u00f4tur\u00e9e dans la bonne humeur avec deux conteurs, Mohamed Bariz et Halima Hamdane, qui animeront une \u00ab\u00a0halqa\u00a0\u00bb \u00e0 la traditionnelle \u00e0 la place mythique Jemaa Fna.<\/p>\n<p>\u00ab\u00a0Litt\u00e9ratures itin\u00e9rantes\u00a0\u00bb est une initiative visant \u00e0 favoriser la rencontre entre auteurs et lecteurs, promouvoir l\u2019\u00e9change interculturel et donner de la visibilit\u00e9 \u00e0 la cr\u00e9ation des jeunes.<\/p>\n<\/div>\n<p>Auteur: Mohammed KOURSI<br \/>\n<a href=\"http:\/\/www.mapmarrakech.ma\/fr\/un-livre-entre-les-mains-le-service-a-rendre-a-lhumanite\/\">Cliquez ici pour lire l&rsquo;article depuis sa source.<\/a><\/p>\n","protected":false},"excerpt":{"rendered":"<p>Marrakech- Dans ce monde globalis\u00e9 et conflictuel, le meilleur service qu\u2019on peut rendre aux gens est de leur mettre un livre entre les mains, a soulign\u00e9, samedi \u00e0 Marrakech, l\u2019\u00e9crivaine et l\u2019ancienne ministre fran\u00e7aise de l\u2019\u00e9ducation nationale, Najat Vallaud-Belkacem. \u00ab\u00a0Se plonger dans la lecture nous permet de r\u00eaver, d\u2019imaginer d\u2019autres vies et des choses inimaginables, [&hellip;]<\/p>\n","protected":false},"author":1788,"featured_media":0,"comment_status":"closed","ping_status":"closed","sticky":false,"template":"","format":"standard","meta":{"fifu_image_url":"","fifu_image_alt":"","footnotes":""},"categories":[54,76],"tags":[],"class_list":["post-63572","post","type-post","status-publish","format-standard","hentry","category-maroc","category-regions"],"_links":{"self":[{"href":"https:\/\/linitiative.ca\/International\/wp-json\/wp\/v2\/posts\/63572","targetHints":{"allow":["GET"]}}],"collection":[{"href":"https:\/\/linitiative.ca\/International\/wp-json\/wp\/v2\/posts"}],"about":[{"href":"https:\/\/linitiative.ca\/International\/wp-json\/wp\/v2\/types\/post"}],"author":[{"embeddable":true,"href":"https:\/\/linitiative.ca\/International\/wp-json\/wp\/v2\/users\/1788"}],"replies":[{"embeddable":true,"href":"https:\/\/linitiative.ca\/International\/wp-json\/wp\/v2\/comments?post=63572"}],"version-history":[{"count":0,"href":"https:\/\/linitiative.ca\/International\/wp-json\/wp\/v2\/posts\/63572\/revisions"}],"wp:attachment":[{"href":"https:\/\/linitiative.ca\/International\/wp-json\/wp\/v2\/media?parent=63572"}],"wp:term":[{"taxonomy":"category","embeddable":true,"href":"https:\/\/linitiative.ca\/International\/wp-json\/wp\/v2\/categories?post=63572"},{"taxonomy":"post_tag","embeddable":true,"href":"https:\/\/linitiative.ca\/International\/wp-json\/wp\/v2\/tags?post=63572"}],"curies":[{"name":"wp","href":"https:\/\/api.w.org\/{rel}","templated":true}]}}