{"id":63599,"date":"2019-10-07T15:14:17","date_gmt":"2019-10-07T19:14:17","guid":{"rendered":"https:\/\/linitiative.ca\/International\/international-psg-icardi-aurait-une-preference-inattendue-pour-son-avenir\/"},"modified":"2019-10-07T15:14:17","modified_gmt":"2019-10-07T19:14:17","slug":"international-psg-icardi-aurait-une-preference-inattendue-pour-son-avenir","status":"publish","type":"post","link":"https:\/\/linitiative.ca\/International\/international-psg-icardi-aurait-une-preference-inattendue-pour-son-avenir\/","title":{"rendered":"International : PSG : Icardi aurait une pr\u00e9f\u00e9rence inattendue pour son avenir !"},"content":{"rendered":"<div readability=\"32\">\n<p>Auteur : <span class=\"time\">lundi 07 octobre 2019 15:50<\/span><\/p>\n<\/div>\n<div id=\"post_core\" readability=\"48\">\n<p>Ind\u00e9sirable du c\u00f4t\u00e9 de l\u2019Inter Milan, l\u2019Argentin a rejoint le PSG sous forme de pr\u00eat avec option d\u2019achat lors de la derni\u00e8re journ\u00e9e du mercato estivale. Une option d\u2019achat qui s\u2019\u00e9l\u00e8ve \u00e0 65M\u20ac et qui serait d\u00e9j\u00e0 envisag\u00e9e par les dirigeants parisiens au vu des premi\u00e8res performances convaincantes de Mauro Icardi. Et si de r\u00e9centes rumeurs annon\u00e7aient que l\u2019Argentin pourrait \u00eatre tent\u00e9 de rester dans la capitale fran\u00e7aise, la v\u00e9rit\u00e9 serait en r\u00e9alit\u00e9 tout autre.<\/p>\n<p>En effet, d\u2019apr\u00e8s Le 10 Sport, Mauro Icardi souhaiterait revenir en Italie pour des raisons personnelles. Et dans ce cas de figure, la Juventus serait la destination pr\u00e9f\u00e9rentielle de l\u2019attaquant pass\u00e9 par le\u00a0FC Barcelone. D\u00e9j\u00e0 int\u00e9ress\u00e9 par Icardi lors du dernier mercato estival, le club turinois suivrait toujours de pr\u00e8s l\u2019Argentin et s\u2019impose comme un concurrent de poids pour le PSG pour son transfert lors de l\u2019\u00e9t\u00e9 2020.<\/p>\n<p><strong>Publi\u00e9 dans :<\/strong> <span>PSG<\/span> <span>icardi<\/span><\/p>\n<\/div>\n<p>Auteur:<br \/>\n<a href=\"http:\/\/www.lebuteur.com\/article\/detail?titre=psg-icardi-aurait-une-preference-inattendue-pour-son-avenir&#038;id=92180&#038;utm_source=feedburner&#038;utm_medium=feed&#038;utm_campaign=Feed%3A+GalerieFArtciles+%28Les+derniers+articles++-+lebuteur.com%29\">Cliquez ici pour lire l&rsquo;article depuis sa source.<\/a><\/p>\n","protected":false},"excerpt":{"rendered":"<p>Auteur : lundi 07 octobre 2019 15:50 Ind\u00e9sirable du c\u00f4t\u00e9 de l\u2019Inter Milan, l\u2019Argentin a rejoint le PSG sous forme de pr\u00eat avec option d\u2019achat lors de la derni\u00e8re journ\u00e9e du mercato estivale. Une option d\u2019achat qui s\u2019\u00e9l\u00e8ve \u00e0 65M\u20ac et qui serait d\u00e9j\u00e0 envisag\u00e9e par les dirigeants parisiens au vu des premi\u00e8res performances convaincantes [&hellip;]<\/p>\n","protected":false},"author":1738,"featured_media":63600,"comment_status":"closed","ping_status":"closed","sticky":false,"template":"","format":"standard","meta":{"fifu_image_url":"","fifu_image_alt":"","footnotes":""},"categories":[53,75],"tags":[],"class_list":["post-63599","post","type-post","status-publish","format-standard","has-post-thumbnail","hentry","category-algerie","category-sport"],"_links":{"self":[{"href":"https:\/\/linitiative.ca\/International\/wp-json\/wp\/v2\/posts\/63599","targetHints":{"allow":["GET"]}}],"collection":[{"href":"https:\/\/linitiative.ca\/International\/wp-json\/wp\/v2\/posts"}],"about":[{"href":"https:\/\/linitiative.ca\/International\/wp-json\/wp\/v2\/types\/post"}],"author":[{"embeddable":true,"href":"https:\/\/linitiative.ca\/International\/wp-json\/wp\/v2\/users\/1738"}],"replies":[{"embeddable":true,"href":"https:\/\/linitiative.ca\/International\/wp-json\/wp\/v2\/comments?post=63599"}],"version-history":[{"count":0,"href":"https:\/\/linitiative.ca\/International\/wp-json\/wp\/v2\/posts\/63599\/revisions"}],"wp:featuredmedia":[{"embeddable":true,"href":"https:\/\/linitiative.ca\/International\/wp-json\/"}],"wp:attachment":[{"href":"https:\/\/linitiative.ca\/International\/wp-json\/wp\/v2\/media?parent=63599"}],"wp:term":[{"taxonomy":"category","embeddable":true,"href":"https:\/\/linitiative.ca\/International\/wp-json\/wp\/v2\/categories?post=63599"},{"taxonomy":"post_tag","embeddable":true,"href":"https:\/\/linitiative.ca\/International\/wp-json\/wp\/v2\/tags?post=63599"}],"curies":[{"name":"wp","href":"https:\/\/api.w.org\/{rel}","templated":true}]}}