{"id":63604,"date":"2019-10-06T20:00:00","date_gmt":"2019-10-07T00:00:00","guid":{"rendered":"https:\/\/linitiative.ca\/International\/mondiaux-dathletisme-lethiopien-desisa-champion-du-monde-de-marathon\/"},"modified":"2019-10-06T20:00:00","modified_gmt":"2019-10-07T00:00:00","slug":"mondiaux-dathletisme-lethiopien-desisa-champion-du-monde-de-marathon","status":"publish","type":"post","link":"https:\/\/linitiative.ca\/International\/mondiaux-dathletisme-lethiopien-desisa-champion-du-monde-de-marathon\/","title":{"rendered":"Mondiaux d&rsquo;athl\u00e9tisme :  L&rsquo;Ethiopien, Desisa, champion du monde de marathon"},"content":{"rendered":"<p>L&rsquo;Ethiopien Lelisa Desisa (29 ans) a \u00e9t\u00e9 sacr\u00e9 champion du monde de marathon pour la premi\u00e8re fois de sa carri\u00e8re samedi dernier \u00e0 Doha (Qatar) en 2 h 10 min 40 sec, devant son compatriote Mosinet Geremew\u00a0\u00a0 (\u00e0 4 secondes) et le K\u00e9nyan Amos Kipruto (\u00e0 11 secondes). vice-champion du monde en 2013, Desisa brise la mal\u00e9diction de l&rsquo;Ethiopie aux Mondiaux de marathon, sans victoire depuis Gezahegne Abera en 2001 \u00e0 Edmonton (Canada).<\/p>\n<p>Auteur: elmoudjahid<br \/>\n<a href=\"http:\/\/www.elmoudjahid.com\/fr\/actualites\/142851\">Cliquez ici pour lire l&rsquo;article depuis sa source.<\/a><\/p>\n","protected":false},"excerpt":{"rendered":"<p>L&rsquo;Ethiopien Lelisa Desisa (29 ans) a \u00e9t\u00e9 sacr\u00e9 champion du monde de marathon pour la premi\u00e8re fois de sa carri\u00e8re samedi dernier \u00e0 Doha (Qatar) en 2 h 10 min 40 sec, devant son compatriote Mosinet Geremew\u00a0\u00a0 (\u00e0 4 secondes) et le K\u00e9nyan Amos Kipruto (\u00e0 11 secondes). vice-champion du monde en 2013, Desisa brise [&hellip;]<\/p>\n","protected":false},"author":1744,"featured_media":0,"comment_status":"closed","ping_status":"closed","sticky":false,"template":"","format":"standard","meta":{"fifu_image_url":"","fifu_image_alt":"","footnotes":""},"categories":[73,53],"tags":[],"class_list":["post-63604","post","type-post","status-publish","format-standard","hentry","category-actualite","category-algerie"],"_links":{"self":[{"href":"https:\/\/linitiative.ca\/International\/wp-json\/wp\/v2\/posts\/63604","targetHints":{"allow":["GET"]}}],"collection":[{"href":"https:\/\/linitiative.ca\/International\/wp-json\/wp\/v2\/posts"}],"about":[{"href":"https:\/\/linitiative.ca\/International\/wp-json\/wp\/v2\/types\/post"}],"author":[{"embeddable":true,"href":"https:\/\/linitiative.ca\/International\/wp-json\/wp\/v2\/users\/1744"}],"replies":[{"embeddable":true,"href":"https:\/\/linitiative.ca\/International\/wp-json\/wp\/v2\/comments?post=63604"}],"version-history":[{"count":0,"href":"https:\/\/linitiative.ca\/International\/wp-json\/wp\/v2\/posts\/63604\/revisions"}],"wp:attachment":[{"href":"https:\/\/linitiative.ca\/International\/wp-json\/wp\/v2\/media?parent=63604"}],"wp:term":[{"taxonomy":"category","embeddable":true,"href":"https:\/\/linitiative.ca\/International\/wp-json\/wp\/v2\/categories?post=63604"},{"taxonomy":"post_tag","embeddable":true,"href":"https:\/\/linitiative.ca\/International\/wp-json\/wp\/v2\/tags?post=63604"}],"curies":[{"name":"wp","href":"https:\/\/api.w.org\/{rel}","templated":true}]}}