{"id":63611,"date":"2019-10-07T11:50:00","date_gmt":"2019-10-07T15:50:00","guid":{"rendered":"https:\/\/linitiative.ca\/International\/bechar-lancement-dune-nouvelle-offre-de-1500-unites-lpa\/"},"modified":"2019-10-07T11:50:00","modified_gmt":"2019-10-07T15:50:00","slug":"bechar-lancement-dune-nouvelle-offre-de-1500-unites-lpa","status":"publish","type":"post","link":"https:\/\/linitiative.ca\/International\/bechar-lancement-dune-nouvelle-offre-de-1500-unites-lpa\/","title":{"rendered":"BECHAR   : Lancement d&rsquo;une nouvelle offre de 1500 unit\u00e9s LPA"},"content":{"rendered":"<p><br id=\"sep_para_1\" class=\"sep_para access\"\/><\/p>\n<div id=\"para_1\" class=\"para_33393280 resize\">\n<div class=\"texte access firstletter\">Une nouvelle offre de 1.500 unit\u00e9s de logements promotionnels aid\u00e9s (LPA) vient d\u2019\u00eatre lanc\u00e9e \u00e0 travers la wilaya de Bechar et sera attribu\u00e9e sur la base des donn\u00e9es et informations du fichier national du logement, a affirm\u00e9 ce lundi la directrice de l\u2019Office de promotion et de gestion immobili\u00e8re (OPGI) de Bechar. Cette offre sera r\u00e9partie \u00e0 raison de 1.000 unit\u00e9s pour Bechar, 100 pour la da\u00efra frontali\u00e8re de B\u00e9ni-Ounif, 100 autres pour celle de Kenadza, 120 pour la wilaya-d\u00e9l\u00e9gu\u00e9e de B\u00e9ni-Abbes et 40 pour la da\u00efra de Taghit, a pr\u00e9cis\u00e9 Sa\u00efdi Aicha, \u00e0 l\u2019occasion de la c\u00e9l\u00e9bration de la journ\u00e9e arabe du logement. Un autre programme de 1.206 unit\u00e9s de la m\u00eame formule d\u2019habitat est en r\u00e9alisation actuellement, dont 720 unit\u00e9s sont achev\u00e9es, parmi lesquelles une tranche de 706 est attribu\u00e9e aux souscripteurs de ce programme et 486 sont en cours de r\u00e9alisation, a fait savoir Mme Sa\u00efdi. \u00ab\u00a0En d\u00e9but de cette ann\u00e9e, nous avons proc\u00e9d\u00e9 \u00e0 la distribution, dans le cadre des commissions de da\u00efra du logement, de 1.178 unit\u00e9s de diff\u00e9rents programmes de logements et nous allons prochainement faire la r\u00e9ception d\u2019une nouvelle offre de 200 logements, ceci en plus de 700 autres logements en voie de r\u00e9alisation \u00e0 travers la wilaya\u00a0\u00bb, selon la premi\u00e8re responsable locale de l\u2019OPGI.\u00a0 \u00ab\u00a0Le nouveau programme va att\u00e9nuer la demande en logement dans ces collectivit\u00e9s\u00a0\u00bb, a-t-elle soutenu, en rappelant toutefois que la distribution du logement se fait, pour ce qui est du logement public locatif (LPL), en plus des crit\u00e8res que stipulent la loi, sur la base des donn\u00e9es et informations du fichier national du logement.\u00a0\u00a0\u00a0\u00a0\u00a0\u00a0\u00a0\u00a0\u00a0\u00a0\u00a0\u00a0\u00a0\u00a0\u00a0\u00a0\u00a0\u00a0\u00a0\u00a0\u00a0\u00a0\u00a0\u00a0\u00a0\u00a0\u00a0<\/div>\n<\/div>\n<p>Auteur: Ismain<br \/>\n<a href=\"https:\/\/www.reflexiondz.net\/BECHAR-Lancement-d-une-nouvelle-offre-de-1500-unites-LPA_a58071.html\">Cliquez ici pour lire l&rsquo;article depuis sa source.<\/a><\/p>\n","protected":false},"excerpt":{"rendered":"<p>Une nouvelle offre de 1.500 unit\u00e9s de logements promotionnels aid\u00e9s (LPA) vient d\u2019\u00eatre lanc\u00e9e \u00e0 travers la wilaya de Bechar et sera attribu\u00e9e sur la base des donn\u00e9es et informations du fichier national du logement, a affirm\u00e9 ce lundi la directrice de l\u2019Office de promotion et de gestion immobili\u00e8re (OPGI) de Bechar. Cette offre sera [&hellip;]<\/p>\n","protected":false},"author":1740,"featured_media":0,"comment_status":"closed","ping_status":"closed","sticky":false,"template":"","format":"standard","meta":{"fifu_image_url":"","fifu_image_alt":"","footnotes":""},"categories":[53,76],"tags":[],"class_list":["post-63611","post","type-post","status-publish","format-standard","hentry","category-algerie","category-regions"],"_links":{"self":[{"href":"https:\/\/linitiative.ca\/International\/wp-json\/wp\/v2\/posts\/63611","targetHints":{"allow":["GET"]}}],"collection":[{"href":"https:\/\/linitiative.ca\/International\/wp-json\/wp\/v2\/posts"}],"about":[{"href":"https:\/\/linitiative.ca\/International\/wp-json\/wp\/v2\/types\/post"}],"author":[{"embeddable":true,"href":"https:\/\/linitiative.ca\/International\/wp-json\/wp\/v2\/users\/1740"}],"replies":[{"embeddable":true,"href":"https:\/\/linitiative.ca\/International\/wp-json\/wp\/v2\/comments?post=63611"}],"version-history":[{"count":0,"href":"https:\/\/linitiative.ca\/International\/wp-json\/wp\/v2\/posts\/63611\/revisions"}],"wp:attachment":[{"href":"https:\/\/linitiative.ca\/International\/wp-json\/wp\/v2\/media?parent=63611"}],"wp:term":[{"taxonomy":"category","embeddable":true,"href":"https:\/\/linitiative.ca\/International\/wp-json\/wp\/v2\/categories?post=63611"},{"taxonomy":"post_tag","embeddable":true,"href":"https:\/\/linitiative.ca\/International\/wp-json\/wp\/v2\/tags?post=63611"}],"curies":[{"name":"wp","href":"https:\/\/api.w.org\/{rel}","templated":true}]}}