{"id":63612,"date":"2019-10-07T11:52:00","date_gmt":"2019-10-07T15:52:00","guid":{"rendered":"https:\/\/linitiative.ca\/International\/tebboune-dement-avoir-designe-des-representants-dans-les-wilayas\/"},"modified":"2019-10-07T11:52:00","modified_gmt":"2019-10-07T15:52:00","slug":"tebboune-dement-avoir-designe-des-representants-dans-les-wilayas","status":"publish","type":"post","link":"https:\/\/linitiative.ca\/International\/tebboune-dement-avoir-designe-des-representants-dans-les-wilayas\/","title":{"rendered":"Tebboune d\u00e9ment avoir d\u00e9sign\u00e9 des repr\u00e9sentants dans les wilayas"},"content":{"rendered":"<p><br id=\"sep_para_1\" class=\"sep_para access\"\/><\/p>\n<div id=\"para_1\" class=\"para_33393312 resize\">\n<div class=\"texte access firstletter\">La direction de la campagne \u00e9lectorale du candidat, Abdelmadjid Tebboune, a d\u00e9clar\u00e9 que \u00ab personne n\u2019a encore \u00e9t\u00e9 d\u00e9sign\u00e9 comme directeur de wilaya pour la campagne \u00e9lectorale \u00bb. Personne n\u2019est mandat\u00e9 pour \u00eatre le porte-parole d\u2019Abdelmadjid Tebboune \u00bb, a indiqu\u00e9 dans un communiqu\u00e9 Mohamed Laagab, porte parole de la direction de la campagne de Tebboune. Le porte parole, a averti par ailleurs, \u00ab les m\u00e9dias et les utilisateurs des r\u00e9seaux sociaux \u00e0 ne pas \u00eatre tromp\u00e9s, derri\u00e8re les informations sans fondement \u00e0 cet \u00e9gard, dans le but d\u2019induire les citoyens en erreur et de fausser l\u2019image de ceux qui souhaitent se pr\u00e9senter au profit d\u2019autres parties \u00bb. L\u2019ancien Premier ministre Abdelmadjid Tebboune a retir\u00e9 les formulaires de candidature \u00e0 l\u2019\u00e9lection pr\u00e9sidentielle le 26 septembre, et pr\u00e9voit de se lancer dans une campagne \u00e9lectorale en cas ou son dossier sera accept\u00e9 par l\u2019autorit\u00e9 ind\u00e9pendante d\u2019organisation des \u00e9lections.<\/div>\n<\/div>\n<p>Auteur: R\u00e9flexion<br \/>\n<a href=\"https:\/\/www.reflexiondz.net\/Tebboune-dement-avoir-designe-des-representants-dans-les-wilayas_a58077.html\">Cliquez ici pour lire l&rsquo;article depuis sa source.<\/a><\/p>\n","protected":false},"excerpt":{"rendered":"<p>La direction de la campagne \u00e9lectorale du candidat, Abdelmadjid Tebboune, a d\u00e9clar\u00e9 que \u00ab personne n\u2019a encore \u00e9t\u00e9 d\u00e9sign\u00e9 comme directeur de wilaya pour la campagne \u00e9lectorale \u00bb. Personne n\u2019est mandat\u00e9 pour \u00eatre le porte-parole d\u2019Abdelmadjid Tebboune \u00bb, a indiqu\u00e9 dans un communiqu\u00e9 Mohamed Laagab, porte parole de la direction de la campagne de Tebboune. [&hellip;]<\/p>\n","protected":false},"author":1740,"featured_media":0,"comment_status":"closed","ping_status":"closed","sticky":false,"template":"","format":"standard","meta":{"fifu_image_url":"","fifu_image_alt":"","footnotes":""},"categories":[53,76],"tags":[],"class_list":["post-63612","post","type-post","status-publish","format-standard","hentry","category-algerie","category-regions"],"_links":{"self":[{"href":"https:\/\/linitiative.ca\/International\/wp-json\/wp\/v2\/posts\/63612","targetHints":{"allow":["GET"]}}],"collection":[{"href":"https:\/\/linitiative.ca\/International\/wp-json\/wp\/v2\/posts"}],"about":[{"href":"https:\/\/linitiative.ca\/International\/wp-json\/wp\/v2\/types\/post"}],"author":[{"embeddable":true,"href":"https:\/\/linitiative.ca\/International\/wp-json\/wp\/v2\/users\/1740"}],"replies":[{"embeddable":true,"href":"https:\/\/linitiative.ca\/International\/wp-json\/wp\/v2\/comments?post=63612"}],"version-history":[{"count":0,"href":"https:\/\/linitiative.ca\/International\/wp-json\/wp\/v2\/posts\/63612\/revisions"}],"wp:attachment":[{"href":"https:\/\/linitiative.ca\/International\/wp-json\/wp\/v2\/media?parent=63612"}],"wp:term":[{"taxonomy":"category","embeddable":true,"href":"https:\/\/linitiative.ca\/International\/wp-json\/wp\/v2\/categories?post=63612"},{"taxonomy":"post_tag","embeddable":true,"href":"https:\/\/linitiative.ca\/International\/wp-json\/wp\/v2\/tags?post=63612"}],"curies":[{"name":"wp","href":"https:\/\/api.w.org\/{rel}","templated":true}]}}