{"id":63613,"date":"2019-10-07T11:52:00","date_gmt":"2019-10-07T15:52:00","guid":{"rendered":"https:\/\/linitiative.ca\/International\/belkhadem-na-pas-dit-son-dernier-mot\/"},"modified":"2019-10-07T11:52:00","modified_gmt":"2019-10-07T15:52:00","slug":"belkhadem-na-pas-dit-son-dernier-mot","status":"publish","type":"post","link":"https:\/\/linitiative.ca\/International\/belkhadem-na-pas-dit-son-dernier-mot\/","title":{"rendered":"Belkhadem n\u2019a pas dit son dernier mot"},"content":{"rendered":"<p><br id=\"sep_para_1\" class=\"sep_para access\"\/><\/p>\n<div id=\"para_1\" class=\"para_33393310 resize\">\n<div class=\"texte access firstletter\">L\u2019ex-secr\u00e9taire g\u00e9n\u00e9ral du parti FLN, Abdelaziz Belkhadem, pourrait bien se lancer dans la bataille de l\u2019\u00e9lection pr\u00e9sidentielle pr\u00e9vue le 12 d\u00e9cembre prochain. Et c\u2019est lui-m\u00eame qui laisse supposer cette \u00e9ventualit\u00e9 au terme d\u2019un \u00e9change avec une d\u00e9l\u00e9gation mixte compos\u00e9e de cadres anciens et nouveaux du parti \u00e0 l\u2019instar d\u2019Abderrahmane Belayat ainsi que des personnalit\u00e9s connues \u00e0 l\u2019image de l\u2019imam de la Grande mosqu\u00e9e, Cheikh Ali Aya, qui a eu lieu samedi \u00e0 son domicile.\u00a0 Contrairement \u00e0 Mouloud Hamrouche qui a quasiment exclu sa candidature dans les \u00abconditions actuelles\u00bb, Belkhadem n\u2019a pas dit express\u00e9ment oui mais n\u2019a pas ferm\u00e9 la porte non plus. \u00abPatientez un peu quelques jours\u00bb, aurait-il r\u00e9pondu \u00e0 la demande insistante de ses invit\u00e9s selon des sources proches de la d\u00e9l\u00e9gation.\u00a0 Du coup, l\u2019hypoth\u00e8se de voir Abdelaziz Belkhadem rejoindre la short-List des ex chefs de gouvernements et ex Premiers ministres qui ont annonc\u00e9 leur candidature au scrutin fix\u00e9 au 12 d\u00e9cembre devient\u00a0 tout \u00e0 fait plausible.<\/div>\n<\/div>\n<p>Auteur: R\u00e9flexion<br \/>\n<a href=\"https:\/\/www.reflexiondz.net\/Belkhadem-n-a-pas-dit-son-dernier-mot_a58076.html\">Cliquez ici pour lire l&rsquo;article depuis sa source.<\/a><\/p>\n","protected":false},"excerpt":{"rendered":"<p>L\u2019ex-secr\u00e9taire g\u00e9n\u00e9ral du parti FLN, Abdelaziz Belkhadem, pourrait bien se lancer dans la bataille de l\u2019\u00e9lection pr\u00e9sidentielle pr\u00e9vue le 12 d\u00e9cembre prochain. Et c\u2019est lui-m\u00eame qui laisse supposer cette \u00e9ventualit\u00e9 au terme d\u2019un \u00e9change avec une d\u00e9l\u00e9gation mixte compos\u00e9e de cadres anciens et nouveaux du parti \u00e0 l\u2019instar d\u2019Abderrahmane Belayat ainsi que des personnalit\u00e9s connues [&hellip;]<\/p>\n","protected":false},"author":1740,"featured_media":0,"comment_status":"closed","ping_status":"closed","sticky":false,"template":"","format":"standard","meta":{"fifu_image_url":"","fifu_image_alt":"","footnotes":""},"categories":[53,76],"tags":[],"class_list":["post-63613","post","type-post","status-publish","format-standard","hentry","category-algerie","category-regions"],"_links":{"self":[{"href":"https:\/\/linitiative.ca\/International\/wp-json\/wp\/v2\/posts\/63613","targetHints":{"allow":["GET"]}}],"collection":[{"href":"https:\/\/linitiative.ca\/International\/wp-json\/wp\/v2\/posts"}],"about":[{"href":"https:\/\/linitiative.ca\/International\/wp-json\/wp\/v2\/types\/post"}],"author":[{"embeddable":true,"href":"https:\/\/linitiative.ca\/International\/wp-json\/wp\/v2\/users\/1740"}],"replies":[{"embeddable":true,"href":"https:\/\/linitiative.ca\/International\/wp-json\/wp\/v2\/comments?post=63613"}],"version-history":[{"count":0,"href":"https:\/\/linitiative.ca\/International\/wp-json\/wp\/v2\/posts\/63613\/revisions"}],"wp:attachment":[{"href":"https:\/\/linitiative.ca\/International\/wp-json\/wp\/v2\/media?parent=63613"}],"wp:term":[{"taxonomy":"category","embeddable":true,"href":"https:\/\/linitiative.ca\/International\/wp-json\/wp\/v2\/categories?post=63613"},{"taxonomy":"post_tag","embeddable":true,"href":"https:\/\/linitiative.ca\/International\/wp-json\/wp\/v2\/tags?post=63613"}],"curies":[{"name":"wp","href":"https:\/\/api.w.org\/{rel}","templated":true}]}}