{"id":63617,"date":"2019-10-07T12:18:05","date_gmt":"2019-10-07T16:18:05","guid":{"rendered":"https:\/\/linitiative.ca\/International\/festival-international-de-musique-symphonique-dalger-gros-coup-de-jeune\/"},"modified":"2019-10-07T12:18:05","modified_gmt":"2019-10-07T16:18:05","slug":"festival-international-de-musique-symphonique-dalger-gros-coup-de-jeune","status":"publish","type":"post","link":"https:\/\/linitiative.ca\/International\/festival-international-de-musique-symphonique-dalger-gros-coup-de-jeune\/","title":{"rendered":"Festival international de musique symphonique d\u2019Alger : gros coup de jeune"},"content":{"rendered":"<h4 class=\"title-14\"\/>\n<div class=\"featured_image\"><img width=\"2592\" height=\"1936\" data-cfsrc=\"https:\/\/www.elwatan.com\/wp-content\/uploads\/2019\/10\/bouazzara.jpg\" class=\"attachment-post-thumbnail size-post-thumbnail wp-post-image c2\" alt=\"\" srcset=\"https:\/\/www.elwatan.com\/wp-content\/uploads\/2019\/10\/bouazzara.jpg 2592w, https:\/\/www.elwatan.com\/wp-content\/uploads\/2019\/10\/bouazzara-300x224.jpg 300w, https:\/\/www.elwatan.com\/wp-content\/uploads\/2019\/10\/bouazzara-768x574.jpg 768w, https:\/\/www.elwatan.com\/wp-content\/uploads\/2019\/10\/bouazzara-1024x765.jpg 1024w, https:\/\/www.elwatan.com\/wp-content\/uploads\/2019\/10\/bouazzara-1320x986.jpg 1320w\" sizes=\"(max-width: 2592px) 100vw, 2592px\"\/><noscript><\/p>\n<p><img loading=\"lazy\" decoding=\"async\" width=\"2592\" height=\"1936\" src=\"https:\/\/www.elwatan.com\/wp-content\/uploads\/2019\/10\/bouazzara.jpg\" class=\"attachment-post-thumbnail size-post-thumbnail wp-post-image\" alt=\"\" srcset=\"https:\/\/www.elwatan.com\/wp-content\/uploads\/2019\/10\/bouazzara.jpg 2592w, https:\/\/www.elwatan.com\/wp-content\/uploads\/2019\/10\/bouazzara-300x224.jpg 300w, https:\/\/www.elwatan.com\/wp-content\/uploads\/2019\/10\/bouazzara-768x574.jpg 768w, https:\/\/www.elwatan.com\/wp-content\/uploads\/2019\/10\/bouazzara-1024x765.jpg 1024w, https:\/\/www.elwatan.com\/wp-content\/uploads\/2019\/10\/bouazzara-1320x986.jpg 1320w\" sizes=\"auto, (max-width: 2592px) 100vw, 2592px\"\/><\/p>\n<p><\/noscript> <span class=\"featured-image-caption\">Le commissaire du Festival culturel international de musique symphonique, Abdelkader Bouazzara. Photo : Smail K.<\/span><\/div>\n<p>Le commissaire du Festival culturel international de musique symphonique, Abdelkader \u00a0Bouazzara, a anim\u00e9 ce lundi matin, \u00e0 l\u2019Institut national de musique (INSM), \u00e0 Alger, une conf\u00e9rence de presse, \u00e0 la veille de\u00a0 cet \u00e9v\u00e9nement se d\u00e9roulant du 12 au 17 octobre \u00e0 l\u2019Op\u00e9ra Boualem Bessaih, \u00e0 Ouled Fayet.<\/p>\n<p>C\u2019est \u00a0en pr\u00e9sence du \u00a0directeur de \u00a0l\u2019Op\u00e9ra d\u2019Alger, Noueddine \u00a0Saoudi, le \u00a0\u00a0directeur \u00a0g\u00e9n\u00e9ral \u00a0par \u00a0int\u00e9rim de l\u2019ONDA (Office national des droits d\u2019auteurs), Abb\u00e8s\u00a0 Mohamed\u00a0 Sa\u00efd, jeune et\u00a0 talentueux\u00a0 chef\u00a0 d\u2019orchestre, Lotfi\u00a0 Sa\u00efdi, Wiem Benamar \u00a0Hammouda,\u00a0 la chef\u00a0 de\u00a0 ch\u0153ur de la chorale \u00ab\u00a0 Ranime\u00a0\u00bb, d\u2019ambassadeurs notamment ceux de\u00a0 Tch\u00e9quie et \u00a0d\u2019Egypte, Lila Borsali, la chanteuse de musique arabo-andalouse \u00a0qui n\u2019est \u00a0plus \u00a0\u00e0 \u00a0pr\u00e9senter \u00a0et \u00a0l\u2019artiste Leila El Kebir, des fid\u00e8les du festival,\u00a0 et un grand nombre de journalistes que\u00a0 Abdelkder\u00a0 Bouazzara\u00a0 a donn\u00e9 cette conf\u00e9rence de presse \u00e0 la veille du \u00a0Festival culturel international de musique symphonique d\u2019Alger.<\/p>\n<p>Dans son allocution pr\u00e9sentant le festival, Abdelkader\u00a0 Bouazzara d\u00e9clarera\u00a0: \u00ab <em>Alger, durant\u00a0 six\u00a0 jours, sera\u00a0 la capitale, la destination internationale\u00a0 de\u00a0 la musique symphonique. Un festival incontournable dont c\u2019est la 11<sup>e<\/sup> \u00e9dition. Sous l\u2019\u00e9gide et le patronage\u00a0 du minist\u00e8re de la Communication et de la Culture.\u00a0 Plac\u00e9 sous le signe<\/em> <em>\u00ab\u00a0 Les\u00a0 jeunes f\u00eatent la musique\u00a0\u00bb.<\/em> <em>Nous donnons un coup de jeune au festival. Place aux jeunes \u00a0et \u00a0<\/em><em>talentueux instrumentistes,\u00a0 c\u2019est notre futur. Puisque la \u00a0tr\u00e8s attendue c\u00e9r\u00e9monie d\u2019ouverture du 11<sup>e<\/sup> Festival culturel\u00a0 international de musique symphonique d\u2019Alger, cette ann\u00e9e, sera dirig\u00e9e par le jeune maestro Sa\u00efdi Lotfi. Avec la participation de<\/em> <em>\u00a0\u00a0Wiem \u00a0Benamar \u00a0Hammouda,\u00a0 la jeune \u00a0chef\u00a0 de\u00a0 ch\u0153ur de la chorale \u00ab\u00a0 Ranime\u00a0\u00bb,<\/em> <em>la mezzo-soprano suisse Ana H\u00e4sler \u00a0et \u00a0le jeune \u00a0t\u00e9nor alg\u00e9rien, Imad Eddine Eddouh\u2026\u00a0\u00bb.<\/em><\/p>\n<p>Et d\u2019ajouter\u00a0:\u00a0<em>\u00ab\u00a0<\/em><em>Dix-sept pays dont\u00a0 l\u2019Alg\u00e9rie\u00a0 participent \u00e0 ce carrefour m\u00e9lomane\u00a0:\u00a0 La Tch\u00e9quie, la Suisse, la France, la Cor\u00e9e du Sud, l\u2019Italie, la Turquie, l\u2019Autriche, la Su\u00e8de, le Japon, la Russie, l\u2019Allemagne, la Tunisie, la Syrie, l\u2019Ukraine, la Chine et l\u2019h\u00f4te d\u2019honneur de cette ann\u00e9e est l\u2019Egypte. Le pays<\/em> <em>d\u2019Oum\u00a0 Kalthoum, Abdelawahab, Abdelhalim\u00a0 Hafez\u2026 L\u2019Egypte, un pays qui nous est tr\u00e8s cher\u2026\u00a0\u00bb.<\/em><\/p>\n<p><span class=\"post-views-label\">Post Views:<\/span> <span class=\"post-views-count\">165<\/span><\/p>\n<p><br class=\"c4\"\/><\/p>\n<p>Auteur: Farouk Djouadi<br \/>\n<a href=\"https:\/\/www.elwatan.com\/edition\/culture\/festival-international-de-musique-symphonique-dalger-gros-coup-de-jeune-07-10-2019\">Cliquez ici pour lire l&rsquo;article depuis sa source.<\/a><\/p>\n","protected":false},"excerpt":{"rendered":"<p>Le commissaire du Festival culturel international de musique symphonique, Abdelkader Bouazzara. Photo : Smail K. Le commissaire du Festival culturel international de musique symphonique, Abdelkader \u00a0Bouazzara, a anim\u00e9 ce lundi matin, \u00e0 l\u2019Institut national de musique (INSM), \u00e0 Alger, une conf\u00e9rence de presse, \u00e0 la veille de\u00a0 cet \u00e9v\u00e9nement se d\u00e9roulant du 12 au 17 [&hellip;]<\/p>\n","protected":false},"author":1743,"featured_media":63618,"comment_status":"closed","ping_status":"closed","sticky":false,"template":"","format":"standard","meta":{"fifu_image_url":"","fifu_image_alt":"","footnotes":""},"categories":[73,53],"tags":[],"class_list":["post-63617","post","type-post","status-publish","format-standard","has-post-thumbnail","hentry","category-actualite","category-algerie"],"_links":{"self":[{"href":"https:\/\/linitiative.ca\/International\/wp-json\/wp\/v2\/posts\/63617","targetHints":{"allow":["GET"]}}],"collection":[{"href":"https:\/\/linitiative.ca\/International\/wp-json\/wp\/v2\/posts"}],"about":[{"href":"https:\/\/linitiative.ca\/International\/wp-json\/wp\/v2\/types\/post"}],"author":[{"embeddable":true,"href":"https:\/\/linitiative.ca\/International\/wp-json\/wp\/v2\/users\/1743"}],"replies":[{"embeddable":true,"href":"https:\/\/linitiative.ca\/International\/wp-json\/wp\/v2\/comments?post=63617"}],"version-history":[{"count":0,"href":"https:\/\/linitiative.ca\/International\/wp-json\/wp\/v2\/posts\/63617\/revisions"}],"wp:featuredmedia":[{"embeddable":true,"href":"https:\/\/linitiative.ca\/International\/wp-json\/"}],"wp:attachment":[{"href":"https:\/\/linitiative.ca\/International\/wp-json\/wp\/v2\/media?parent=63617"}],"wp:term":[{"taxonomy":"category","embeddable":true,"href":"https:\/\/linitiative.ca\/International\/wp-json\/wp\/v2\/categories?post=63617"},{"taxonomy":"post_tag","embeddable":true,"href":"https:\/\/linitiative.ca\/International\/wp-json\/wp\/v2\/tags?post=63617"}],"curies":[{"name":"wp","href":"https:\/\/api.w.org\/{rel}","templated":true}]}}