{"id":63619,"date":"2019-10-07T12:21:57","date_gmt":"2019-10-07T16:21:57","guid":{"rendered":"https:\/\/linitiative.ca\/International\/le-moudjahid-lakhdar-bouregaa-entame-une-greve-de-la-faim-a-la-prison-del-harrach\/"},"modified":"2019-10-07T12:21:57","modified_gmt":"2019-10-07T16:21:57","slug":"le-moudjahid-lakhdar-bouregaa-entame-une-greve-de-la-faim-a-la-prison-del-harrach","status":"publish","type":"post","link":"https:\/\/linitiative.ca\/International\/le-moudjahid-lakhdar-bouregaa-entame-une-greve-de-la-faim-a-la-prison-del-harrach\/","title":{"rendered":"Le moudjahid Lakhdar Boureg\u00e2a entame une gr\u00e8ve de la faim \u00e0 la prison d\u2019El Harrach"},"content":{"rendered":"<h4 class=\"title-14\"\/>\n<div class=\"featured_image\"><img width=\"656\" height=\"321\" data-cfsrc=\"https:\/\/www.elwatan.com\/wp-content\/uploads\/2019\/10\/Bouregaa-1.jpg\" class=\"attachment-post-thumbnail size-post-thumbnail wp-post-image c2\" alt=\"\" srcset=\"https:\/\/www.elwatan.com\/wp-content\/uploads\/2019\/10\/Bouregaa-1.jpg 656w, https:\/\/www.elwatan.com\/wp-content\/uploads\/2019\/10\/Bouregaa-1-300x147.jpg 300w\" sizes=\"(max-width: 656px) 100vw, 656px\"\/><noscript><\/p>\n<p><img loading=\"lazy\" decoding=\"async\" width=\"656\" height=\"321\" src=\"https:\/\/www.elwatan.com\/wp-content\/uploads\/2019\/10\/Bouregaa-1.jpg\" class=\"attachment-post-thumbnail size-post-thumbnail wp-post-image\" alt=\"\" srcset=\"https:\/\/www.elwatan.com\/wp-content\/uploads\/2019\/10\/Bouregaa-1.jpg 656w, https:\/\/www.elwatan.com\/wp-content\/uploads\/2019\/10\/Bouregaa-1-300x147.jpg 300w\" sizes=\"auto, (max-width: 656px) 100vw, 656px\"\/><\/p>\n<p><\/noscript> <span class=\"featured-image-caption\">Lakhdar Boureg\u00e2\u00e2. Photo : Souhil B. El Watan.<\/span><\/div>\n<p>Le moudjahid, Lakhdar Boureg\u00e2a, en d\u00e9tention \u00e0 la prison d\u2019El Harrach depuis juin dernier, a entam\u00e9 une gr\u00e8ve de la faim, a annonc\u00e9, aujourd\u2019hui lundi, l\u2019avocate Nabila Smail.<\/p>\n<p>Boureg\u00e2a, 86 ans, rejoint ainsi les dizaines de d\u00e9tenus d\u2019opinion qui avaient entam\u00e9 vendredi dernier une gr\u00e8ve de la faim, pour d\u00e9noncer leur incarc\u00e9ration. \u00ab\u00a0Nous avons tout fait pour dissuader les d\u00e9tenus d\u2019entamer cette action, car le r\u00e9gime n\u2019est pas d\u00e9rang\u00e9 par les morts. Nous avons d\u00e9j\u00e0 vu le cas de Kamel Eddine Fekhar (\u2026)\u00a0\u00bb, a d\u00e9clar\u00e9 Me Nabila Smail lors d\u2019une conf\u00e9rence de presse organis\u00e9e au si\u00e8ge de SOS disparus \u00e0 Alger.<\/p>\n<p>Boureg\u00e2a, ancien commandant de l\u2019Arm\u00e9e de lib\u00e9ration nationale, est poursuivi pour \u00abatteinte au moral de l\u2019arm\u00e9e\u00bb\u00a0et <a href=\"https:\/\/www.elwatan.com\/a-la-une\/poursuivi-pour-atteinte-au-moral-de-larmee-et-outrage-a-corps-constitue-lakhdar-bouregaa-place-en-detention-preventive-01-07-2019\">\u00aboutrage \u00e0\u00a0corps constitu\u00e9\u00bb<\/a>.<\/p>\n<p><span class=\"post-views-label\">Post Views:<\/span> <span class=\"post-views-count\">1\u00a0633<\/span><\/p>\n<p><br class=\"c4\"\/><\/p>\n<p>Auteur: Farouk Djouadi<br \/>\n<a href=\"https:\/\/www.elwatan.com\/edition\/actualite\/le-moudjahid-lakhdar-bouregaa-entame-une-greve-de-la-faim-a-la-prison-del-harrach-07-10-2019\">Cliquez ici pour lire l&rsquo;article depuis sa source.<\/a><\/p>\n","protected":false},"excerpt":{"rendered":"<p>Lakhdar Boureg\u00e2\u00e2. Photo : Souhil B. El Watan. Le moudjahid, Lakhdar Boureg\u00e2a, en d\u00e9tention \u00e0 la prison d\u2019El Harrach depuis juin dernier, a entam\u00e9 une gr\u00e8ve de la faim, a annonc\u00e9, aujourd\u2019hui lundi, l\u2019avocate Nabila Smail. Boureg\u00e2a, 86 ans, rejoint ainsi les dizaines de d\u00e9tenus d\u2019opinion qui avaient entam\u00e9 vendredi dernier une gr\u00e8ve de la [&hellip;]<\/p>\n","protected":false},"author":1743,"featured_media":63620,"comment_status":"closed","ping_status":"closed","sticky":false,"template":"","format":"standard","meta":{"fifu_image_url":"","fifu_image_alt":"","footnotes":""},"categories":[73,53],"tags":[],"class_list":["post-63619","post","type-post","status-publish","format-standard","has-post-thumbnail","hentry","category-actualite","category-algerie"],"_links":{"self":[{"href":"https:\/\/linitiative.ca\/International\/wp-json\/wp\/v2\/posts\/63619","targetHints":{"allow":["GET"]}}],"collection":[{"href":"https:\/\/linitiative.ca\/International\/wp-json\/wp\/v2\/posts"}],"about":[{"href":"https:\/\/linitiative.ca\/International\/wp-json\/wp\/v2\/types\/post"}],"author":[{"embeddable":true,"href":"https:\/\/linitiative.ca\/International\/wp-json\/wp\/v2\/users\/1743"}],"replies":[{"embeddable":true,"href":"https:\/\/linitiative.ca\/International\/wp-json\/wp\/v2\/comments?post=63619"}],"version-history":[{"count":0,"href":"https:\/\/linitiative.ca\/International\/wp-json\/wp\/v2\/posts\/63619\/revisions"}],"wp:featuredmedia":[{"embeddable":true,"href":"https:\/\/linitiative.ca\/International\/wp-json\/"}],"wp:attachment":[{"href":"https:\/\/linitiative.ca\/International\/wp-json\/wp\/v2\/media?parent=63619"}],"wp:term":[{"taxonomy":"category","embeddable":true,"href":"https:\/\/linitiative.ca\/International\/wp-json\/wp\/v2\/categories?post=63619"},{"taxonomy":"post_tag","embeddable":true,"href":"https:\/\/linitiative.ca\/International\/wp-json\/wp\/v2\/tags?post=63619"}],"curies":[{"name":"wp","href":"https:\/\/api.w.org\/{rel}","templated":true}]}}