{"id":63628,"date":"2019-10-07T12:00:00","date_gmt":"2019-10-07T16:00:00","guid":{"rendered":"https:\/\/linitiative.ca\/International\/monia-mouakhar-kallel-celui-qui-ne-connait-pas-lhistoire-est-condamne-a-la-revivre-k-marx\/"},"modified":"2019-10-07T12:00:00","modified_gmt":"2019-10-07T16:00:00","slug":"monia-mouakhar-kallel-celui-qui-ne-connait-pas-lhistoire-est-condamne-a-la-revivre-k-marx","status":"publish","type":"post","link":"https:\/\/linitiative.ca\/International\/monia-mouakhar-kallel-celui-qui-ne-connait-pas-lhistoire-est-condamne-a-la-revivre-k-marx\/","title":{"rendered":"Monia Mouakhar Kallel: Celui qui ne conna\u00eet pas l&rsquo;Histoire est condamn\u00e9 \u00e0 la revivre (K. Marx)"},"content":{"rendered":"<p>En France, moins de trois mois apr\u00e8s la r\u00e9volution de f\u00e9vrier 1848 et l&rsquo;instauration de la 2<sup>eme<\/sup> R\u00e9publique, une foule, excit\u00e9e, exc\u00e9d\u00e9e et affam\u00e9e, envahit le Palais-Borbon o\u00f9 si\u00e8ge l&rsquo;Assembl\u00e9e nationale et proclame sa dissolution.<\/p>\n<p>G. Sand, l&rsquo;un des acteurs-d\u00e9fenseurs acharn\u00e9s de cette seconde R\u00e9publique, se retire de la sc\u00e8ne politique; elle \u00ab\u00a0revient \u00e0 ses moutons\u00a0\u00bb, (comme elle dit), se consacre \u00e0 l&rsquo;\u00e9criture-lecture, et tente de comprendre les raisons de cet \u00e9chec qu&rsquo;elle n&rsquo;avait pas vu venir. Dans une lettre \u00e0 un ami r\u00e9publicain, un ex-compagnon de route, elle note qu&rsquo;elle n&rsquo;avait pas \u00ab\u00a0r\u00e9alis\u00e9 la faiblesse des assises populaires d&rsquo;une telle R\u00e9publique\u00a0\u00bb puis formule l'(auto) critique suivante: \u00a0\u00bb nous qui avons tout recouvr\u00e9 en f\u00e9vrier, et qui avons laiss\u00e9 tout perdre, nous qui nous \u00e9gorgeons les uns les autres sans aller au secours de personne, nous pr\u00e9sentons au monde un spectacle ex\u00e9crable\u00a0\u00bb.<\/p>\n<p>Autre temps, autre m\u0153urs. N&#8217;emp\u00eache qu&rsquo;au lendemain des \u00e9lections de 2019 et de l&rsquo;\u00e9chec cuisant des progressistes-modernistes-syndicalistes, l&rsquo;\u00e9pisode est \u00e9clairant et la r\u00e9flexion de la romanci\u00e8re prend tout son sens.<\/p>\n<p>Nous ne pourrons pas entrer dans la modernit\u00e9 ni pr\u00e9tendre \u00e0 la d\u00e9mocratie si nous, citoyens privil\u00e9gi\u00e9s, nous n&rsquo;apprenons pas \u00e0 regarder notre r\u00e9alit\u00e9 en face, \u00e0 connaitre la nouvelle configuration sociale, si nos politiques et nos m\u00e9dias ne commencent pas \u00e0 s&rsquo;auto \u00e9valuer s\u00e9rieusement, au lieu de continuer \u00e0 se jeter des pierres qui les \u00e9crasent et nous \u00e9craseront.<\/p>\n<p>Car le peuple ne les attendra pas tr\u00e8s longtemps&#8230; Il n&rsquo;a plus la patience de les voir tricoter et d\u00e9tricoter \u00e0 l&rsquo;infini leurs scenarii, calculs, coalitions, jeux et enjeux de positionnement, \u00ab\u00a0spectacle ex\u00e9crable\u00a0\u00bb qui encombre d\u00e9j\u00e0\u00a0 nos journaux, plateaux de tv, r\u00e9seaux sociaux&#8230;<\/p>\n<p class=\"c2\"><strong>Monia Mouakhar Kallel<\/strong><br \/>\u00a0<\/p>\n<p>Auteur:<br \/>\n<a href=\"https:\/\/www.leaders.com.tn\/article\/28152-monia-mouakhar-kallel-celui-qui-ne-connait-pas-l-histoire-est-condamne-a-la-revivre-k-marx\">Cliquez ici pour lire l&rsquo;article depuis sa source.<\/a><\/p>\n","protected":false},"excerpt":{"rendered":"<p>En France, moins de trois mois apr\u00e8s la r\u00e9volution de f\u00e9vrier 1848 et l&rsquo;instauration de la 2eme R\u00e9publique, une foule, excit\u00e9e, exc\u00e9d\u00e9e et affam\u00e9e, envahit le Palais-Borbon o\u00f9 si\u00e8ge l&rsquo;Assembl\u00e9e nationale et proclame sa dissolution. G. Sand, l&rsquo;un des acteurs-d\u00e9fenseurs acharn\u00e9s de cette seconde R\u00e9publique, se retire de la sc\u00e8ne politique; elle \u00ab\u00a0revient \u00e0 ses [&hellip;]<\/p>\n","protected":false},"author":1772,"featured_media":0,"comment_status":"closed","ping_status":"closed","sticky":false,"template":"","format":"standard","meta":{"fifu_image_url":"","fifu_image_alt":"","footnotes":""},"categories":[73,55],"tags":[],"class_list":["post-63628","post","type-post","status-publish","format-standard","hentry","category-actualite","category-tunisie"],"_links":{"self":[{"href":"https:\/\/linitiative.ca\/International\/wp-json\/wp\/v2\/posts\/63628","targetHints":{"allow":["GET"]}}],"collection":[{"href":"https:\/\/linitiative.ca\/International\/wp-json\/wp\/v2\/posts"}],"about":[{"href":"https:\/\/linitiative.ca\/International\/wp-json\/wp\/v2\/types\/post"}],"author":[{"embeddable":true,"href":"https:\/\/linitiative.ca\/International\/wp-json\/wp\/v2\/users\/1772"}],"replies":[{"embeddable":true,"href":"https:\/\/linitiative.ca\/International\/wp-json\/wp\/v2\/comments?post=63628"}],"version-history":[{"count":0,"href":"https:\/\/linitiative.ca\/International\/wp-json\/wp\/v2\/posts\/63628\/revisions"}],"wp:attachment":[{"href":"https:\/\/linitiative.ca\/International\/wp-json\/wp\/v2\/media?parent=63628"}],"wp:term":[{"taxonomy":"category","embeddable":true,"href":"https:\/\/linitiative.ca\/International\/wp-json\/wp\/v2\/categories?post=63628"},{"taxonomy":"post_tag","embeddable":true,"href":"https:\/\/linitiative.ca\/International\/wp-json\/wp\/v2\/tags?post=63628"}],"curies":[{"name":"wp","href":"https:\/\/api.w.org\/{rel}","templated":true}]}}