{"id":63629,"date":"2019-10-07T12:00:00","date_gmt":"2019-10-07T16:00:00","guid":{"rendered":"https:\/\/linitiative.ca\/International\/joseph-roger-bismuth-qui-nous-quitte-le-citoyen-patriote\/"},"modified":"2019-10-07T12:00:00","modified_gmt":"2019-10-07T16:00:00","slug":"joseph-roger-bismuth-qui-nous-quitte-le-citoyen-patriote","status":"publish","type":"post","link":"https:\/\/linitiative.ca\/International\/joseph-roger-bismuth-qui-nous-quitte-le-citoyen-patriote\/","title":{"rendered":"Joseph Roger Bismuth qui nous quitte : le citoyen patriote"},"content":{"rendered":"<p>Il est parti discr\u00e8tement sans bruit, l\u2019homme courtois qui adorait sans limite la Tunisie et les tunisiens, l\u2019homme sage qui v\u00e9n\u00e9rait la coexistence entre les fid\u00e8les sans distinction de religion ou de race.<\/p>\n<p>Il aimait son pays qu\u2019il n\u2019avait jamais quitt\u00e9, allant jusqu\u2019\u00e0 toujours refuser toute autre nationalit\u00e9 que la tunisienne. Sa communion avec la patrie \u00e9tait totale.<\/p>\n<p>Visionnaire, tr\u00e8s \u00e9cout\u00e9 dans les sph\u00e8res internationales, il insistait toujours sur l\u2019exception tunisienne de tol\u00e9rance, d\u2019entraide et d\u2019amour du prochain. Il disait : <em>\u00abLa Tunisie est une soci\u00e9t\u00e9 cosmopolite, mod\u00e9r\u00e9e, ouverte au progr\u00e8s et o\u00f9 l\u2019antis\u00e9mitisme n\u2019a pas de place\u00bb.<\/em><\/p>\n<p>Le d\u00e9but du parcours atypique de ce pionnier est \u00e9poustouflant: pouss\u00e9 par la mis\u00e8re et la pauvret\u00e9, il quitta le banc de l\u2019\u00e9cole \u00e0 14 ans pour le m\u00e9tier d\u2019ouvrier de b\u00e2timent. C\u2019\u00e9tait en 1940, le d\u00e9but des ann\u00e9es de mis\u00e8re et de souffrance de la 2<sup>\u00e8me<\/sup> guerre mondiale. Le jeune gar\u00e7on se levait \u00e0 5h et rentrait \u00e0 20h, et faisait la navette quotidienne \u00e0 pied entre Kheiredine et Tunis (imaginez l\u2019effort et l\u2019\u00e9puisement de l\u2019enfant).<\/p>\n<p>Cette obsession de \u00abtravailler dur\u00bb sera sa recette et son leitmotiv pour arriver au sommet.<\/p>\n<p>Il apprit vite le m\u00e9tier sur le terrain, avec audace et rigueur, il s\u2019imposa par le s\u00e9rieux et la droiture et gagna vite la confiance de tous.<\/p>\n<p>Autodidacte, il s\u2019exprimait en anglais ou en fran\u00e7ais parfait. Nostalgique, les souvenirs de jeune entrepreneur, au temp\u00e9rament battant, sont les h\u00f4pitaux, les \u00e9coles et les lyc\u00e9es construits \u00e0 l\u2019aube de l\u2019ind\u00e9pendance du pays par son entreprise de b\u00e2timent.<\/p>\n<p>En symbiose avec son personnel, il \u00e9tait toujours aux c\u00f4t\u00e9s des uns et des autres pour t\u00e9moigner sa sollicitude.<\/p>\n<p>Apr\u00e8s le 14 janvier 2011, la solidarit\u00e9 exceptionnelle et l\u2019esprit de famille au sein du groupe, ont permis de continuer sans contestation ni gr\u00e8ve l\u2019odyss\u00e9e du groupe.<\/p>\n<p>Gr\u00e2ce \u00e0 ses bonnes relations dans le monde entier, il a souvent jou\u00e9 l\u2019ambassadeur de bons offices, pour dissiper un malentendu ou \u00e9viter un conflit. Il militait pour les justes causes de la Tunisie : <em>\u00abJe suis solidaire de ma patrie peu importe le pouvoir en place\u00bb.<\/em><\/p>\n<p>L\u2019homme sage et g\u00e9n\u00e9reux nous a quitt\u00e9 mais son souvenir restera \u00e0 jamais ancr\u00e9 dans la m\u00e9moire de ceux qui ont eu le privil\u00e8ge de le c\u00f4toyer.<\/p>\n<p>Nos sinc\u00e8res condol\u00e9ances \u00e0 la famille.<\/p>\n<p>Repose en paix cher Patriote.<\/p>\n<p><strong>Lire aussi<\/strong><\/p>\n<p><a href=\"https:\/\/www.leaders.com.tn\/article\/28098-deces-de-roger-bismuth-il-avait-protege-sa-communaute-et-defendu-son-pays-la-tunisie\" target=\"_blank\" rel=\"noopener noreferrer\">D\u00e9c\u00e8s de Roger Bismuth : Il avait prot\u00e9g\u00e9 sa communaut\u00e9, juive, et d\u00e9fendu son pays, la Tunisie<\/a><\/p>\n<p class=\"c2\"><strong>Abderrazek Maalej<\/strong><\/p>\n<p>Auteur:<br \/>\n<a href=\"https:\/\/www.leaders.com.tn\/article\/28144-joseph-roger-bismuth-n-est-plus-le-citoyen-patriote\">Cliquez ici pour lire l&rsquo;article depuis sa source.<\/a><\/p>\n","protected":false},"excerpt":{"rendered":"<p>Il est parti discr\u00e8tement sans bruit, l\u2019homme courtois qui adorait sans limite la Tunisie et les tunisiens, l\u2019homme sage qui v\u00e9n\u00e9rait la coexistence entre les fid\u00e8les sans distinction de religion ou de race. Il aimait son pays qu\u2019il n\u2019avait jamais quitt\u00e9, allant jusqu\u2019\u00e0 toujours refuser toute autre nationalit\u00e9 que la tunisienne. Sa communion avec la [&hellip;]<\/p>\n","protected":false},"author":1772,"featured_media":0,"comment_status":"closed","ping_status":"closed","sticky":false,"template":"","format":"standard","meta":{"fifu_image_url":"","fifu_image_alt":"","footnotes":""},"categories":[73,55],"tags":[],"class_list":["post-63629","post","type-post","status-publish","format-standard","hentry","category-actualite","category-tunisie"],"_links":{"self":[{"href":"https:\/\/linitiative.ca\/International\/wp-json\/wp\/v2\/posts\/63629","targetHints":{"allow":["GET"]}}],"collection":[{"href":"https:\/\/linitiative.ca\/International\/wp-json\/wp\/v2\/posts"}],"about":[{"href":"https:\/\/linitiative.ca\/International\/wp-json\/wp\/v2\/types\/post"}],"author":[{"embeddable":true,"href":"https:\/\/linitiative.ca\/International\/wp-json\/wp\/v2\/users\/1772"}],"replies":[{"embeddable":true,"href":"https:\/\/linitiative.ca\/International\/wp-json\/wp\/v2\/comments?post=63629"}],"version-history":[{"count":0,"href":"https:\/\/linitiative.ca\/International\/wp-json\/wp\/v2\/posts\/63629\/revisions"}],"wp:attachment":[{"href":"https:\/\/linitiative.ca\/International\/wp-json\/wp\/v2\/media?parent=63629"}],"wp:term":[{"taxonomy":"category","embeddable":true,"href":"https:\/\/linitiative.ca\/International\/wp-json\/wp\/v2\/categories?post=63629"},{"taxonomy":"post_tag","embeddable":true,"href":"https:\/\/linitiative.ca\/International\/wp-json\/wp\/v2\/tags?post=63629"}],"curies":[{"name":"wp","href":"https:\/\/api.w.org\/{rel}","templated":true}]}}