{"id":63635,"date":"2019-10-07T06:00:00","date_gmt":"2019-10-07T10:00:00","guid":{"rendered":"https:\/\/linitiative.ca\/International\/contacts-entre-la-sonatrach-et-le-geant-russe-lukoil\/"},"modified":"2019-10-07T06:00:00","modified_gmt":"2019-10-07T10:00:00","slug":"contacts-entre-la-sonatrach-et-le-geant-russe-lukoil","status":"publish","type":"post","link":"https:\/\/linitiative.ca\/International\/contacts-entre-la-sonatrach-et-le-geant-russe-lukoil\/","title":{"rendered":"Contacts entre la Sonatrach et le g\u00e9ant russe Lukoil"},"content":{"rendered":"<div readability=\"33.3894736842\"><a href=\"\/periscoop\/lallemagne-impressionnee-par-le-hirak-31319\"\/><\/p>\n<div class=\"image\"><img class=\"lazy\" data-original=\"\/data\/images\/article\/thumbs\/ls-lallemagne-impressionnee-par-le-hirak-a158b.jpg\"\/><\/p>\n<p><span>1<\/span><\/p>\n<\/div>\n<p class=\"type-date\"><span>P\u00e9riscoop<\/span> 11:00 | 05-10-2019<\/p>\n<h5 class=\"first-title\"><a href=\"\/periscoop\/lallemagne-impressionnee-par-le-hirak-31319\"\/><\/h5>\n<h5 class=\"title\"><a href=\"\/periscoop\/lallemagne-impressionnee-par-le-hirak-31319\">L\u2019Allemagne impressionn\u00e9e par le Hirak<\/a><\/h5>\n<p><a href=\"\/periscoop\/lallemagne-impressionnee-par-le-hirak-31319\"\/><\/p>\n<p class=\"text\">L&rsquo;ambassadeur de la R\u00e9publique f\u00e9d\u00e9rale d&rsquo;Allemagne, Ulrike Knotz, a indiqu\u00e9 que son pays \u00e9tait impressionn\u00e9 par le Hirak qui illumine l\u2019Alg\u00e9rie depuis le 22 f\u00e9vrier, suscitant l\u2019admiration du monde.<\/p>\n<\/div>\n<div readability=\"36.526119403\"><a href=\"\/periscoop\/tliba-en-italie-31318\"\/><\/p>\n<div class=\"image\"><img class=\"lazy\" data-original=\"\/data\/images\/article\/thumbs\/ls-tliba-en-italie-fbeb9.jpg\"\/><\/p>\n<p><span>2<\/span><\/p>\n<\/div>\n<p class=\"type-date\"><span>P\u00e9riscoop<\/span> 11:00 | 05-10-2019<\/p>\n<h5 class=\"first-title\"><a href=\"\/periscoop\/tliba-en-italie-31318\"\/><\/h5>\n<h5 class=\"title\"><a href=\"\/periscoop\/tliba-en-italie-31318\">Tliba en Italie ?<\/a><\/h5>\n<p><a href=\"\/periscoop\/tliba-en-italie-31318\"\/><\/p>\n<p class=\"text\">Durant la soir\u00e9e de mardi \u00e0 mercredi, la toile s\u2019est enflamm\u00e9e autour de l\u2019affaire Tliba. Ce dernier aurait quitt\u00e9, par bateau, Tunis \u00e0 destination de Salerno (Italie) avec la compagnie maritime Grimaldines et<\/p>\n<\/div>\n<p>Auteur:<br \/>\n<a href=\"https:\/\/www.lesoirdalgerie.com\/periscoop\/contacts-entre-la-sonatrach-et-le-geant-russe-lukoil-31422\">Cliquez ici pour lire l&rsquo;article depuis sa source.<\/a><\/p>\n","protected":false},"excerpt":{"rendered":"<p>1 P\u00e9riscoop 11:00 | 05-10-2019 L\u2019Allemagne impressionn\u00e9e par le Hirak L&rsquo;ambassadeur de la R\u00e9publique f\u00e9d\u00e9rale d&rsquo;Allemagne, Ulrike Knotz, a indiqu\u00e9 que son pays \u00e9tait impressionn\u00e9 par le Hirak qui illumine l\u2019Alg\u00e9rie depuis le 22 f\u00e9vrier, suscitant l\u2019admiration du monde. 2 P\u00e9riscoop 11:00 | 05-10-2019 Tliba en Italie ? Durant la soir\u00e9e de mardi \u00e0 mercredi, [&hellip;]<\/p>\n","protected":false},"author":1741,"featured_media":0,"comment_status":"closed","ping_status":"closed","sticky":false,"template":"","format":"standard","meta":{"fifu_image_url":"","fifu_image_alt":"","footnotes":""},"categories":[73,53],"tags":[],"class_list":["post-63635","post","type-post","status-publish","format-standard","hentry","category-actualite","category-algerie"],"_links":{"self":[{"href":"https:\/\/linitiative.ca\/International\/wp-json\/wp\/v2\/posts\/63635","targetHints":{"allow":["GET"]}}],"collection":[{"href":"https:\/\/linitiative.ca\/International\/wp-json\/wp\/v2\/posts"}],"about":[{"href":"https:\/\/linitiative.ca\/International\/wp-json\/wp\/v2\/types\/post"}],"author":[{"embeddable":true,"href":"https:\/\/linitiative.ca\/International\/wp-json\/wp\/v2\/users\/1741"}],"replies":[{"embeddable":true,"href":"https:\/\/linitiative.ca\/International\/wp-json\/wp\/v2\/comments?post=63635"}],"version-history":[{"count":0,"href":"https:\/\/linitiative.ca\/International\/wp-json\/wp\/v2\/posts\/63635\/revisions"}],"wp:attachment":[{"href":"https:\/\/linitiative.ca\/International\/wp-json\/wp\/v2\/media?parent=63635"}],"wp:term":[{"taxonomy":"category","embeddable":true,"href":"https:\/\/linitiative.ca\/International\/wp-json\/wp\/v2\/categories?post=63635"},{"taxonomy":"post_tag","embeddable":true,"href":"https:\/\/linitiative.ca\/International\/wp-json\/wp\/v2\/tags?post=63635"}],"curies":[{"name":"wp","href":"https:\/\/api.w.org\/{rel}","templated":true}]}}