{"id":63636,"date":"2019-10-07T06:00:00","date_gmt":"2019-10-07T10:00:00","guid":{"rendered":"https:\/\/linitiative.ca\/International\/se-nicher-dans-un-coin-de-leur-cerveau\/"},"modified":"2019-10-07T06:00:00","modified_gmt":"2019-10-07T10:00:00","slug":"se-nicher-dans-un-coin-de-leur-cerveau","status":"publish","type":"post","link":"https:\/\/linitiative.ca\/International\/se-nicher-dans-un-coin-de-leur-cerveau\/","title":{"rendered":"Se nicher dans un coin de leur cerveau\u2026"},"content":{"rendered":"<p class=\"c3\">Le Hirak aurait-il transform\u00e9 les alg\u00e9riens ? La question n\u2019a rien d\u2019incongru. Je la pose le plus s\u00e9rieusement du monde, sans doute parce que j\u2019ai envie d\u2019y croire. J\u2019y ai pens\u00e9 tandis que samedi, 31 ans apr\u00e8s l\u2019explosion populaire dont on ne parle jamais assez et qui se banalise peu \u00e0 peu, me revenait en m\u00e9moire la violence avec laquelle les alg\u00e9riens avaient pay\u00e9 leur r\u00e9volte contre un pouvoir qui les avait jusque-l\u00e0 conditionn\u00e9s \u00e0 la soumission. Le rejet des institutions s\u2019est alors \u00e9tendu \u00e0 d\u2019autres domaines comme \u00e0 tout ce qui s\u2019\u00e9cartait du d\u00e9testable nouveau mode de pens\u00e9e port\u00e9 par les mosqu\u00e9es lib\u00e9r\u00e9es pour aider \u00e0 sauver les \u00e2mes dites perdues, parce que r\u00e9fractaires \u00e0 l\u2019islamisme rampant.\u00a0 Il y a quelques mois \u00e0 peine, pour illustrer le rejet de l\u2019autre, je racontais comment on pouvait tomber et se relever seul sans que personne nous tende la main. Voil\u00e0 qu\u2019aujourd\u2019hui les gens ont appris \u00e0 dire \u00abpardon\u00bb, \u00abexcusez-moi\u00bb et j\u2019en passe sur les formules de politesse. Avec la solidarit\u00e9 qui rena\u00eet en force, la critique s\u2019\u00e9tend \u00e0 des domaines que l\u2019on aurait jur\u00e9\u00a0 d\u00e9finitivement intouchables.\u00a0<br \/>Aujourd\u2019hui, on parle sur un ton assum\u00e9 de ces hommes qui, de l\u2019autre c\u00f4t\u00e9 de nos rives, pr\u00e9f\u00e8rent, \u00e0 la construction d\u2019\u00e9glises, le d\u00e9veloppement de leur pays. Un jeune homme, \u00e0 peine sorti de l\u2019adolescence, m\u2019a dit, il y a peu, que la mosqu\u00e9e devrait porter le nom de Bouteflika, pour rappeler l\u2019homme inf\u00e2me qu\u2019il a \u00e9t\u00e9 au point de construire un lieu de culte qui a, non seulement\u00a0 englouti des sommes faramineuses, mais a surtout \u00e9t\u00e9 \u00e9rig\u00e9\u00a0 sur une faille sismique comme pour, au moindre tremblement, engloutir les 120 000 fid\u00e8les cens\u00e9s le fr\u00e9quenter. Et il y a aussi ces autres qui n\u2019\u00e9taient pas encore n\u00e9s en 88, mais qui ont quand m\u00eame entendu leurs a\u00een\u00e9s en parler et qui t\u00e9moignent des brutalit\u00e9s polici\u00e8res actuelles auxquelles ils font face les mardi et vendredi.\u00a0 \u00a0\u00a0<br \/>\u00a0C\u2019est violent de voir des policiers, qui ont la force pour eux, s\u2019en prendre violemment \u00e0 des marcheurs pacifiques. J\u2019aurais aim\u00e9 me nicher, discr\u00e8tement, dans un coin de cerveau de l\u2019un d\u2019entre eux pour, peut-\u00eatre, mieux comprendre ce qui les fait courir.\u00a0<br \/><em><strong>M.B.\u00a0<\/strong><\/em><\/p>\n<p>Auteur:<br \/>\n<a href=\"https:\/\/www.lesoirdalgerie.com\/soit-dit-en-passant\/se-nicher-dans-un-coin-de-leur-cerveau-31421\">Cliquez ici pour lire l&rsquo;article depuis sa source.<\/a><\/p>\n","protected":false},"excerpt":{"rendered":"<p>Le Hirak aurait-il transform\u00e9 les alg\u00e9riens ? La question n\u2019a rien d\u2019incongru. Je la pose le plus s\u00e9rieusement du monde, sans doute parce que j\u2019ai envie d\u2019y croire. J\u2019y ai pens\u00e9 tandis que samedi, 31 ans apr\u00e8s l\u2019explosion populaire dont on ne parle jamais assez et qui se banalise peu \u00e0 peu, me revenait en [&hellip;]<\/p>\n","protected":false},"author":1741,"featured_media":0,"comment_status":"closed","ping_status":"closed","sticky":false,"template":"","format":"standard","meta":{"fifu_image_url":"","fifu_image_alt":"","footnotes":""},"categories":[73,53],"tags":[],"class_list":["post-63636","post","type-post","status-publish","format-standard","hentry","category-actualite","category-algerie"],"_links":{"self":[{"href":"https:\/\/linitiative.ca\/International\/wp-json\/wp\/v2\/posts\/63636","targetHints":{"allow":["GET"]}}],"collection":[{"href":"https:\/\/linitiative.ca\/International\/wp-json\/wp\/v2\/posts"}],"about":[{"href":"https:\/\/linitiative.ca\/International\/wp-json\/wp\/v2\/types\/post"}],"author":[{"embeddable":true,"href":"https:\/\/linitiative.ca\/International\/wp-json\/wp\/v2\/users\/1741"}],"replies":[{"embeddable":true,"href":"https:\/\/linitiative.ca\/International\/wp-json\/wp\/v2\/comments?post=63636"}],"version-history":[{"count":0,"href":"https:\/\/linitiative.ca\/International\/wp-json\/wp\/v2\/posts\/63636\/revisions"}],"wp:attachment":[{"href":"https:\/\/linitiative.ca\/International\/wp-json\/wp\/v2\/media?parent=63636"}],"wp:term":[{"taxonomy":"category","embeddable":true,"href":"https:\/\/linitiative.ca\/International\/wp-json\/wp\/v2\/categories?post=63636"},{"taxonomy":"post_tag","embeddable":true,"href":"https:\/\/linitiative.ca\/International\/wp-json\/wp\/v2\/tags?post=63636"}],"curies":[{"name":"wp","href":"https:\/\/api.w.org\/{rel}","templated":true}]}}