{"id":63638,"date":"2019-10-07T11:13:45","date_gmt":"2019-10-07T15:13:45","guid":{"rendered":"https:\/\/linitiative.ca\/International\/conseil-de-gouvernement-extraordinaire-ce-mardi\/"},"modified":"2019-10-07T11:13:45","modified_gmt":"2019-10-07T15:13:45","slug":"conseil-de-gouvernement-extraordinaire-ce-mardi","status":"publish","type":"post","link":"https:\/\/linitiative.ca\/International\/conseil-de-gouvernement-extraordinaire-ce-mardi\/","title":{"rendered":"Conseil de gouvernement extraordinaire ce mardi"},"content":{"rendered":"<p><strong>Au menu\u00a0: les mesures relatives \u00e0 l\u2019\u00e9laboration du projet de loi de Finances 2020.<\/strong><\/p>\n<div class=\"c10\"\/>\n<p>D\u2019habitude organis\u00e9 le jeudi, le <strong>conseil de gouvernement<\/strong> se r\u00e9unira ce mardi sous la pr\u00e9sidence du Chef du gouvernement, Sa\u00e2deddine El Otmani. Lors de ce Conseil, le ministre de l\u2019\u00c9conomie et des Finances, Mohamed Benchaaboun, fera un expos\u00e9 sur les mesures relatives \u00e0 l\u2019\u00e9laboration du projet de loi de Finances 2020, a indiqu\u00e9 lundi le d\u00e9partement du Chef du gouvernement.<\/p>\n<p>Ce conseil extraordinaire intervient avant le remaniement minist\u00e9riel attendu mais \u00e9galement l\u2019ouverture de la session parlementaire qui sera pr\u00e9sid\u00e9e vendredi par le roi Mohammed VI.<\/p>\n<div class=\"c17\">\n<fieldset class=\"c16\">\n<legend><strong><span class=\"c11\">Challenge<\/span><span class=\"c12\">news<\/span><\/strong><\/legend>\n<div class=\"c15\">Le meilleur de la r\u00e9daction s\u00e9lectionn\u00e9 par Challenge :<\/p>\n<\/div>\n<\/fieldset>\n<\/div>\n<p>Auteur: challenge<br \/>\n<a href=\"https:\/\/www.challenge.ma\/conseil-de-gouvernement-extraordinaire-ce-mardi-119349\/\">Cliquez ici pour lire l&rsquo;article depuis sa source.<\/a><\/p>\n","protected":false},"excerpt":{"rendered":"<p>Au menu\u00a0: les mesures relatives \u00e0 l\u2019\u00e9laboration du projet de loi de Finances 2020. D\u2019habitude organis\u00e9 le jeudi, le conseil de gouvernement se r\u00e9unira ce mardi sous la pr\u00e9sidence du Chef du gouvernement, Sa\u00e2deddine El Otmani. Lors de ce Conseil, le ministre de l\u2019\u00c9conomie et des Finances, Mohamed Benchaaboun, fera un expos\u00e9 sur les mesures [&hellip;]<\/p>\n","protected":false},"author":1787,"featured_media":0,"comment_status":"closed","ping_status":"closed","sticky":false,"template":"","format":"standard","meta":{"fifu_image_url":"","fifu_image_alt":"","footnotes":""},"categories":[78,54],"tags":[],"class_list":["post-63638","post","type-post","status-publish","format-standard","hentry","category-economie","category-maroc"],"_links":{"self":[{"href":"https:\/\/linitiative.ca\/International\/wp-json\/wp\/v2\/posts\/63638","targetHints":{"allow":["GET"]}}],"collection":[{"href":"https:\/\/linitiative.ca\/International\/wp-json\/wp\/v2\/posts"}],"about":[{"href":"https:\/\/linitiative.ca\/International\/wp-json\/wp\/v2\/types\/post"}],"author":[{"embeddable":true,"href":"https:\/\/linitiative.ca\/International\/wp-json\/wp\/v2\/users\/1787"}],"replies":[{"embeddable":true,"href":"https:\/\/linitiative.ca\/International\/wp-json\/wp\/v2\/comments?post=63638"}],"version-history":[{"count":0,"href":"https:\/\/linitiative.ca\/International\/wp-json\/wp\/v2\/posts\/63638\/revisions"}],"wp:attachment":[{"href":"https:\/\/linitiative.ca\/International\/wp-json\/wp\/v2\/media?parent=63638"}],"wp:term":[{"taxonomy":"category","embeddable":true,"href":"https:\/\/linitiative.ca\/International\/wp-json\/wp\/v2\/categories?post=63638"},{"taxonomy":"post_tag","embeddable":true,"href":"https:\/\/linitiative.ca\/International\/wp-json\/wp\/v2\/tags?post=63638"}],"curies":[{"name":"wp","href":"https:\/\/api.w.org\/{rel}","templated":true}]}}