{"id":63639,"date":"2019-10-07T11:32:05","date_gmt":"2019-10-07T15:32:05","guid":{"rendered":"https:\/\/linitiative.ca\/International\/maroc-lambassade-de-france-finance-les-projets-des-jeunes-en-precarite\/"},"modified":"2019-10-07T11:32:05","modified_gmt":"2019-10-07T15:32:05","slug":"maroc-lambassade-de-france-finance-les-projets-des-jeunes-en-precarite","status":"publish","type":"post","link":"https:\/\/linitiative.ca\/International\/maroc-lambassade-de-france-finance-les-projets-des-jeunes-en-precarite\/","title":{"rendered":"Maroc : L\u2019ambassade de France finance les projets des jeunes en pr\u00e9carit\u00e9"},"content":{"rendered":"<p><strong>L\u2019ambassade de France au Maroc a annonc\u00e9, dans un communiqu\u00e9 sur sa page Facebook, sa d\u00e9cision de financer des projets d\u00e9di\u00e9s \u00e0 l\u2019am\u00e9lioration de la vie des jeunes en situation de pr\u00e9carit\u00e9.<\/strong><\/p>\n<div class=\"c10\"\/>\n<p>Dans le cadre de l\u2019appel \u00e0 projets, \u00ab\u00a0Soutien \u00e0 la jeunesse en situation pr\u00e9caire\u00a0\u00bb, plusieurs projets seront mis en \u0153uvre dans le Royaume au profit des jeunes afin de soutenir les actions favorisant une prise en consid\u00e9ration des enfants et des adolescents par la famille comme par la soci\u00e9t\u00e9 et de pr\u00e9venir leur exclusion et leur marginalisation.<\/p>\n<p>Cette initiative s\u2019inscrit en corr\u00e9lation avec l\u2019appel lanc\u00e9 par le roi Mohammed VI dans son discours prononc\u00e9 le 20 ao\u00fbt 2018 \u00e0 l\u2019occasion de la r\u00e9volution du roi et du peuple en faveur de l\u2019\u00e9laboration d\u2019une \u00abstrat\u00e9gie int\u00e9gr\u00e9e d\u00e9di\u00e9e aux jeunes\u00bb, laquelle permettrait de d\u00e9finir les moyens de promouvoir efficacement leur condition.<\/p>\n<p>Les partenaires de l\u2019ambassade de France dans ce projet sont l\u2019Unicef Maroc, l\u2019Union europ\u00e9enne, l\u2019Observatoire national des droits de l\u2019enfant (ONDE), le Conseil national des droits de l\u2019Homme et l\u2019Agence fran\u00e7aise de d\u00e9veloppement (AFD).<\/p>\n<div class=\"c17\">\n<fieldset class=\"c16\">\n<legend><strong><span class=\"c11\">Challenge<\/span><span class=\"c12\">news<\/span><\/strong><\/legend>\n<div class=\"c15\">Le meilleur de la r\u00e9daction s\u00e9lectionn\u00e9 par Challenge :<\/p>\n<\/div>\n<\/fieldset>\n<\/div>\n<p>Auteur: Hajar DARI<br \/>\n<a href=\"https:\/\/www.challenge.ma\/maroc-lambassade-de-france-finance-les-projets-des-jeunes-en-precarite-119340\/\">Cliquez ici pour lire l&rsquo;article depuis sa source.<\/a><\/p>\n","protected":false},"excerpt":{"rendered":"<p>L\u2019ambassade de France au Maroc a annonc\u00e9, dans un communiqu\u00e9 sur sa page Facebook, sa d\u00e9cision de financer des projets d\u00e9di\u00e9s \u00e0 l\u2019am\u00e9lioration de la vie des jeunes en situation de pr\u00e9carit\u00e9. Dans le cadre de l\u2019appel \u00e0 projets, \u00ab\u00a0Soutien \u00e0 la jeunesse en situation pr\u00e9caire\u00a0\u00bb, plusieurs projets seront mis en \u0153uvre dans le Royaume [&hellip;]<\/p>\n","protected":false},"author":1787,"featured_media":0,"comment_status":"closed","ping_status":"closed","sticky":false,"template":"","format":"standard","meta":{"fifu_image_url":"","fifu_image_alt":"","footnotes":""},"categories":[78,54],"tags":[],"class_list":["post-63639","post","type-post","status-publish","format-standard","hentry","category-economie","category-maroc"],"_links":{"self":[{"href":"https:\/\/linitiative.ca\/International\/wp-json\/wp\/v2\/posts\/63639","targetHints":{"allow":["GET"]}}],"collection":[{"href":"https:\/\/linitiative.ca\/International\/wp-json\/wp\/v2\/posts"}],"about":[{"href":"https:\/\/linitiative.ca\/International\/wp-json\/wp\/v2\/types\/post"}],"author":[{"embeddable":true,"href":"https:\/\/linitiative.ca\/International\/wp-json\/wp\/v2\/users\/1787"}],"replies":[{"embeddable":true,"href":"https:\/\/linitiative.ca\/International\/wp-json\/wp\/v2\/comments?post=63639"}],"version-history":[{"count":0,"href":"https:\/\/linitiative.ca\/International\/wp-json\/wp\/v2\/posts\/63639\/revisions"}],"wp:attachment":[{"href":"https:\/\/linitiative.ca\/International\/wp-json\/wp\/v2\/media?parent=63639"}],"wp:term":[{"taxonomy":"category","embeddable":true,"href":"https:\/\/linitiative.ca\/International\/wp-json\/wp\/v2\/categories?post=63639"},{"taxonomy":"post_tag","embeddable":true,"href":"https:\/\/linitiative.ca\/International\/wp-json\/wp\/v2\/tags?post=63639"}],"curies":[{"name":"wp","href":"https:\/\/api.w.org\/{rel}","templated":true}]}}