{"id":63640,"date":"2019-10-07T13:47:40","date_gmt":"2019-10-07T17:47:40","guid":{"rendered":"https:\/\/linitiative.ca\/International\/ilham-khalil-dg-de-tfz-nous-repondons-parfaitement-aux-attentes-des-industriels\/"},"modified":"2019-10-07T13:47:40","modified_gmt":"2019-10-07T17:47:40","slug":"ilham-khalil-dg-de-tfz-nous-repondons-parfaitement-aux-attentes-des-industriels","status":"publish","type":"post","link":"https:\/\/linitiative.ca\/International\/ilham-khalil-dg-de-tfz-nous-repondons-parfaitement-aux-attentes-des-industriels\/","title":{"rendered":"Ilham Khalil, DG de TFZ : \u00ab\u00a0Nous r\u00e9pondons parfaitement aux attentes des industriels\u00a0\u00bb"},"content":{"rendered":"<p><strong>Lanc\u00e9e en 1999, Tanger Free Zone est consid\u00e9r\u00e9e comme le plus important p\u00f4le d\u2019activit\u00e9 de la r\u00e9gion du Nord dans le Royaume. Sp\u00e9cialis\u00e9e majoritairement dans le secteur automobile, cette zone d\u2019activit\u00e9 entend poursuivre tambour battant son d\u00e9veloppement au service des op\u00e9rateurs industriels. Ilham Khalil, directrice Tanger Free Zone, nous livre son appr\u00e9ciation sur l\u2019activit\u00e9 de la zone qu\u2019elle dirige et laisse entrevoir quelques axes futurs d\u2019am\u00e9lioration de cette plateforme.<\/strong><\/p>\n<div class=\"c10\"\/>\n<p><strong>Challenge\u00a0:<\/strong> <strong>Tanger Free Zone a accueilli durant deux jours le Salon de la sous-traitance automobile, une belle fen\u00eatre d\u2019exposition pour les op\u00e9rateurs. Que retenez-vous de la derni\u00e8re \u00e9dition de cet \u00e9v\u00e9nement ?\u00a0 \u00a0 \u00a0<\/strong><\/p>\n<p><strong>Ilham Khalil :<\/strong> Le Salon de la sous-traitance est un \u00e9v\u00e8nement incontournable pour le secteur automobile aujourd\u2019hui. Il s\u2019est d\u00e9roul\u00e9 en plein c\u0153ur de l\u2019\u00e9cosyst\u00e8me automobile de Tanger Med. Ce fut justement l\u2019occasion pour les professionnels du secteur de l\u2019automobile, les constructeurs, les \u00e9quipementiers et autres sous-traitants de se retrouver dans un environnement professionnel en vue de chercher des pistes d\u2019am\u00e9lioration de fa\u00e7on \u00e0 rehausser la comp\u00e9titivit\u00e9 de tout le secteur. \u00a0<\/p>\n<p><strong>Vous \u00eates aux commandes de Tanger Free Zone. Quel bilan faites-vous \u00e0 ce jour de l\u2019activit\u00e9 de ce p\u00f4le de comp\u00e9titivit\u00e9 r\u00e9gional et international ?<\/strong><\/p>\n<p>Faisant partie int\u00e9grante de Tanger Med Zones, au m\u00eame titre que Tanger Automotive City, Tanger Free Zone est une plateforme d\u00e9di\u00e9e principalement aux activit\u00e9s et aux m\u00e9tiers de l\u2019automobile. Elle r\u00e9pond parfaitement aux attentes des industriels, notamment en termes d\u2019infrastructures. Sachez que nous fonctionnons aujourd\u2019hui en guichet unique et nous accueillons les industriels automobiles depuis leur premi\u00e8re phase de prospection, jusqu\u2019\u00e0 leur d\u00e9cision d\u2019installation et bien au-del\u00e0. La proposition de valeur de la plateforme s\u2019articule \u00e9galement autour de la comp\u00e9titivit\u00e9 logistique gr\u00e2ce au port de Tanger Med. Ce qui permet aux industriels d\u2019\u00eatre connect\u00e9s mondialement. J\u2019ajouterais aussi que nous proposons des formations adapt\u00e9es aux professionnels du secteur de l\u2019automobile, mais \u00e9galement des \u00abincentives\u00bb qui sont principalement ax\u00e9s sur leur secteur d\u2019activit\u00e9.\u00a0<\/p>\n<p><strong>Y a-t-il des axes d\u2019am\u00e9lioration que vous avez identifi\u00e9s pour r\u00e9pondre au mieux aux attentes des entreprises qui choisissent Tanger Free Zone ?<\/strong><\/p>\n<p>Tanger Med Zones travaille en synergie totale avec le minist\u00e8re de l\u2019Industrie et l\u2019ensemble des f\u00e9d\u00e9rations, l\u2019objectif \u00e9tant de r\u00e9pondre aux besoins et aux attentes \u00e0 moyen et \u00e0 long terme du secteur en termes d\u2019infrastructures, mais aussi en termes de collaboration entre le tissu d\u00e9j\u00e0 existant et celui \u00e0 venir. Sachez qu\u2019aujourd\u2019hui, juste au niveau de Tanger Free Zone, nous avons plus d\u2019une cinquantaine d\u2019\u00e9quipementiers de rang 1, 2 et 3, et plus d\u2019une centaine de sous-traitants qui collaborent exclusivement avec le secteur automobile dans des m\u00e9tiers aussi diff\u00e9rents que vari\u00e9s tels que la m\u00e9trologie, la logistique, la maintenance industrielle, entre autres. Notre r\u00f4le aujourd\u2019hui consiste \u00e0 accompagner tous ces op\u00e9rateurs et cet \u00e9cosyst\u00e8me pour qu\u2019ils puissent trouver des opportunit\u00e9s d\u2019affaires et que leur installation puisse \u00eatre pleinement r\u00e9ussie.<\/p>\n<div class=\"c17\">\n<fieldset class=\"c16\">\n<legend><strong><span class=\"c11\">Challenge<\/span><span class=\"c12\">news<\/span><\/strong><\/legend>\n<div class=\"c15\">Le meilleur de la r\u00e9daction s\u00e9lectionn\u00e9 par Challenge :<\/p>\n<\/div>\n<\/fieldset>\n<\/div>\n<p>Auteur: David J\u00e9r\u00e9mie<br \/>\n<a href=\"https:\/\/www.challenge.ma\/ilham-khalil-dg-de-tfz-nous-repondons-parfaitement-aux-attentes-des-industriels-119347\/\">Cliquez ici pour lire l&rsquo;article depuis sa source.<\/a><\/p>\n","protected":false},"excerpt":{"rendered":"<p>Lanc\u00e9e en 1999, Tanger Free Zone est consid\u00e9r\u00e9e comme le plus important p\u00f4le d\u2019activit\u00e9 de la r\u00e9gion du Nord dans le Royaume. Sp\u00e9cialis\u00e9e majoritairement dans le secteur automobile, cette zone d\u2019activit\u00e9 entend poursuivre tambour battant son d\u00e9veloppement au service des op\u00e9rateurs industriels. Ilham Khalil, directrice Tanger Free Zone, nous livre son appr\u00e9ciation sur l\u2019activit\u00e9 de [&hellip;]<\/p>\n","protected":false},"author":1787,"featured_media":0,"comment_status":"closed","ping_status":"closed","sticky":false,"template":"","format":"standard","meta":{"fifu_image_url":"","fifu_image_alt":"","footnotes":""},"categories":[78,54],"tags":[],"class_list":["post-63640","post","type-post","status-publish","format-standard","hentry","category-economie","category-maroc"],"_links":{"self":[{"href":"https:\/\/linitiative.ca\/International\/wp-json\/wp\/v2\/posts\/63640","targetHints":{"allow":["GET"]}}],"collection":[{"href":"https:\/\/linitiative.ca\/International\/wp-json\/wp\/v2\/posts"}],"about":[{"href":"https:\/\/linitiative.ca\/International\/wp-json\/wp\/v2\/types\/post"}],"author":[{"embeddable":true,"href":"https:\/\/linitiative.ca\/International\/wp-json\/wp\/v2\/users\/1787"}],"replies":[{"embeddable":true,"href":"https:\/\/linitiative.ca\/International\/wp-json\/wp\/v2\/comments?post=63640"}],"version-history":[{"count":0,"href":"https:\/\/linitiative.ca\/International\/wp-json\/wp\/v2\/posts\/63640\/revisions"}],"wp:attachment":[{"href":"https:\/\/linitiative.ca\/International\/wp-json\/wp\/v2\/media?parent=63640"}],"wp:term":[{"taxonomy":"category","embeddable":true,"href":"https:\/\/linitiative.ca\/International\/wp-json\/wp\/v2\/categories?post=63640"},{"taxonomy":"post_tag","embeddable":true,"href":"https:\/\/linitiative.ca\/International\/wp-json\/wp\/v2\/tags?post=63640"}],"curies":[{"name":"wp","href":"https:\/\/api.w.org\/{rel}","templated":true}]}}