{"id":63642,"date":"2019-10-07T16:15:21","date_gmt":"2019-10-07T20:15:21","guid":{"rendered":"https:\/\/linitiative.ca\/International\/souss-massa-un-cas-decole\/"},"modified":"2019-10-07T16:15:21","modified_gmt":"2019-10-07T20:15:21","slug":"souss-massa-un-cas-decole","status":"publish","type":"post","link":"https:\/\/linitiative.ca\/International\/souss-massa-un-cas-decole\/","title":{"rendered":"Souss-Massa : un cas d\u2019\u00e9cole"},"content":{"rendered":"<p><strong>La d\u00e9clinaison r\u00e9gionale du Plan d\u2019acc\u00e9l\u00e9ration industrielle au Souss a connu un v\u00e9ritable coup d\u2019acc\u00e9l\u00e9rateur le 26 septembre. Elus, Wali, CRI et industriels ont jou\u00e9 le jeu.<\/strong><\/p>\n<div class=\"c10\"\/>\n<p>Le projet \u00e9tait lanc\u00e9 depuis janvier 2018 par le Chef de l\u2019Etat lui-m\u00eame. Le 26 septembre 2019, 48 projets industriels ont \u00e9t\u00e9 approuv\u00e9s, cr\u00e9ant plusieurs milliers d\u2019emplois et totalisant 3 milliards de DH d\u2019investissements. C\u2019est un cas d\u2019\u00e9cole. Le projet a \u00e9t\u00e9 port\u00e9 par les \u00e9lus, par le wali Ahmed Hajji qui s\u2019est d\u00e9j\u00e0 distingu\u00e9 par son efficacit\u00e9 lorsqu\u2019il \u00e9tait directeur de l\u2019Agence des provinces du Sud, mais aussi par la soci\u00e9t\u00e9 civile et les op\u00e9rateurs publics comme Al Omrane.<\/p>\n<p>Diff\u00e9rents <strong>\u00e9cosyst\u00e8mes<\/strong> ont \u00e9t\u00e9 identifi\u00e9s, le foncier a suivi et le soutien aux investisseurs est r\u00e9el. Une nouvelle zone industrielle permettra la cr\u00e9ation de 1300 emplois directs au niveau de l\u2019agglom\u00e9ration urbaine d\u2019Agadir.<\/p>\n<p><strong>Une approche syst\u00e9mique<\/strong><\/p>\n<p>Le r\u00e9sultat n\u2019est pas fortuit. La premi\u00e8re \u00e9tape a \u00e9t\u00e9 la lutte contre les lenteurs administratives et ce qui pourrait constituer des raisons de d\u00e9motivation des investisseurs potentiels. Le dispositif mis en place va du retrait du certificat n\u00e9gatif aux accords concernant le foncier, \u00e0 l\u2019octroi des subventions r\u00e9gionales \u00e0 l\u2019investissement.<\/p>\n<p>Les services du guichet unique, au sein de la wilaya, supervis\u00e9s directement par le wali, sont inscrits dans la p\u00e9rennit\u00e9. Ils r\u00e9unissent le CRI, le parc Haliopolis, la soci\u00e9t\u00e9 Al Omrane (acteur important du foncier) et la r\u00e9gion. C\u2019est cette vision d\u2019ensemble, pilot\u00e9e par le wali, en parfaite coh\u00e9sion avec les autres acteurs, qui a permis ce vrai plan d\u2019acc\u00e9l\u00e9ration industrielle pour la <strong>r\u00e9gion Souss-Massa<\/strong>.<\/p>\n<p>L\u2019avenir commence aujourd\u2019hui, lors de cette m\u00eame r\u00e9union un projet important a \u00e9t\u00e9 valid\u00e9 pour la r\u00e9gion de Tiznit. Il concerne la pisciculture dans la commune d\u2019Arba\u00e2 Sahel. Il est de dimension internationale puisque l\u2019investissement est de 200 millions de dollars et qu\u2019il est, en partie, d\u2019origine am\u00e9ricaine.<\/p>\n<p>La r\u00e9gion de Souss-Massa innove d\u2019abord par sa vision syst\u00e9mique. On n\u2019est pas face \u00e0 des listes de projets mais \u00e0 de vrais choix en termes de la gestion de l\u2019espace, de l\u2019am\u00e9lioration de l\u2019environnement des affaires et du soutien \u00e0 l\u2019initiative priv\u00e9e.<\/p>\n<p>C\u2019est cette approche qui devrait \u00eatre g\u00e9n\u00e9ralis\u00e9e aux autres r\u00e9gions. Le <strong>d\u00e9veloppement<\/strong> doit impliquer tous les acteurs locaux dans une vision commune. Pour le moment, ce n\u2019est pas le cas tout le temps, ni partout. L\u2019avenir d\u00e9pend pourtant de cette capacit\u00e9 des r\u00e9gions \u00e0 innover, \u00e0 cr\u00e9er des richesses et des emplois.<\/p>\n<div class=\"c17\">\n<fieldset class=\"c16\">\n<legend><strong><span class=\"c11\">Challenge<\/span><span class=\"c12\">news<\/span><\/strong><\/legend>\n<div class=\"c15\">Le meilleur de la r\u00e9daction s\u00e9lectionn\u00e9 par Challenge :<\/p>\n<\/div>\n<\/fieldset>\n<\/div>\n<p>Auteur: challenge<br \/>\n<a href=\"https:\/\/www.challenge.ma\/souss-massa-un-cas-decole-119351\/\">Cliquez ici pour lire l&rsquo;article depuis sa source.<\/a><\/p>\n","protected":false},"excerpt":{"rendered":"<p>La d\u00e9clinaison r\u00e9gionale du Plan d\u2019acc\u00e9l\u00e9ration industrielle au Souss a connu un v\u00e9ritable coup d\u2019acc\u00e9l\u00e9rateur le 26 septembre. Elus, Wali, CRI et industriels ont jou\u00e9 le jeu. Le projet \u00e9tait lanc\u00e9 depuis janvier 2018 par le Chef de l\u2019Etat lui-m\u00eame. Le 26 septembre 2019, 48 projets industriels ont \u00e9t\u00e9 approuv\u00e9s, cr\u00e9ant plusieurs milliers d\u2019emplois et [&hellip;]<\/p>\n","protected":false},"author":1787,"featured_media":0,"comment_status":"closed","ping_status":"closed","sticky":false,"template":"","format":"standard","meta":{"fifu_image_url":"","fifu_image_alt":"","footnotes":""},"categories":[78,54],"tags":[],"class_list":["post-63642","post","type-post","status-publish","format-standard","hentry","category-economie","category-maroc"],"_links":{"self":[{"href":"https:\/\/linitiative.ca\/International\/wp-json\/wp\/v2\/posts\/63642","targetHints":{"allow":["GET"]}}],"collection":[{"href":"https:\/\/linitiative.ca\/International\/wp-json\/wp\/v2\/posts"}],"about":[{"href":"https:\/\/linitiative.ca\/International\/wp-json\/wp\/v2\/types\/post"}],"author":[{"embeddable":true,"href":"https:\/\/linitiative.ca\/International\/wp-json\/wp\/v2\/users\/1787"}],"replies":[{"embeddable":true,"href":"https:\/\/linitiative.ca\/International\/wp-json\/wp\/v2\/comments?post=63642"}],"version-history":[{"count":0,"href":"https:\/\/linitiative.ca\/International\/wp-json\/wp\/v2\/posts\/63642\/revisions"}],"wp:attachment":[{"href":"https:\/\/linitiative.ca\/International\/wp-json\/wp\/v2\/media?parent=63642"}],"wp:term":[{"taxonomy":"category","embeddable":true,"href":"https:\/\/linitiative.ca\/International\/wp-json\/wp\/v2\/categories?post=63642"},{"taxonomy":"post_tag","embeddable":true,"href":"https:\/\/linitiative.ca\/International\/wp-json\/wp\/v2\/tags?post=63642"}],"curies":[{"name":"wp","href":"https:\/\/api.w.org\/{rel}","templated":true}]}}