{"id":63656,"date":"2019-10-07T16:42:33","date_gmt":"2019-10-07T20:42:33","guid":{"rendered":"https:\/\/linitiative.ca\/International\/liberation-de-maurice-kamto-et-compagnie\/"},"modified":"2019-10-07T16:42:33","modified_gmt":"2019-10-07T20:42:33","slug":"liberation-de-maurice-kamto-et-compagnie","status":"publish","type":"post","link":"https:\/\/linitiative.ca\/International\/liberation-de-maurice-kamto-et-compagnie\/","title":{"rendered":"LIBERATION DE MAURICE KAMTO ET COMPAGNIE"},"content":{"rendered":"<div class=\"stream-item stream-item-above-post-content\">\n<p><noscript><\/p>\n<p><a href=\"\/\/www3.smartadserver.com\/ac?jump=1&#038;nwid=2136&#038;siteid=240610&#038;pgname=rg&#038;fmtid=49046&#038;visit=m&#038;tmstp=[timestamp]&#038;out=nonrich\" target=\"_blank\" rel=\"noopener noreferrer\"><img decoding=\"async\" src=\"\/\/www3.smartadserver.com\/ac?out=nonrich&#038;nwid=2136&#038;siteid=240610&#038;pgname=rg&#038;fmtid=49046&#038;visit=m&#038;tmstp=[timestamp]\" border=\"0\" alt=\"\"\/><\/a><\/p>\n<p><\/noscript><\/div>\n<p>Dans le cadre du grand dialogue national, le pr\u00e9sident camerounais, Paul Biya, a ordonn\u00e9 la lib\u00e9ration de 333\u00a0 d\u00e9tenus\u00a0 anglophones. C\u2019\u00e9tait le jeudi 3 octobre dernier. Cette mesure a \u00e9t\u00e9 salu\u00e9e \u00e0 sa juste valeur en ce sens qu\u2019elle participe de la recherche de la paix et du vivre-ensemble au Cameroun. A peine a-t-on fini d\u2019applaudir cette mansu\u00e9tude \u00a0pr\u00e9sidentielle, que Paul Biya a d\u00e9cid\u00e9\u00a0 de poser un autre acte qui vaut son pesant d\u2019or. En effet, le samedi 5 octobre dernier, Maurice Kamto et ses\u00a0 camarades, d\u00e9tenus depuis 9 mois pour avoir contest\u00e9 la victoire de Paul Biya \u00e0 la pr\u00e9sidentielle de 2018, b\u00e9n\u00e9ficiaient \u00e0 leur tour de la mansu\u00e9tude du locateur du palais d\u2019Etoudi. Pour qui conna\u00eet ce que repr\u00e9sente \u00a0Maurice Kamto au Cameroun, ce geste peut davantage positionner\u00a0 le pays sur la voie de la d\u00e9crispation de la vie politique et <em>in fine<\/em> de la\u00a0 r\u00e9conciliation nationale.<\/p>\n<p><strong>\u00a0<\/strong><\/p>\n<p><strong>On peut s\u2019attendre \u00e0 ce que l\u2019opposant retourne \u00e0 la case prison<\/strong><\/p>\n<p><strong>\u00a0<\/strong><\/p>\n<p class=\"c3\">Toute chose qui peut permettre aux Camerounais de f\u00e9d\u00e9rer leurs \u00e9nergies pour notamment bouter Boko Haram hors de leur pays et par voie de cons\u00e9quence, se donner plus de chances d\u2019arrimer enfin le Cameroun au d\u00e9veloppement. De ce point de vue, l\u2019on peut avoir envie de sauter au toit pour dire bravo \u00e0 Paul Biya. Mais il convient de ne pas aller trop vite en besogne. Et pour cause. L\u2019on peut d\u2019abord se poser la question de savoir si Maurice Kamto et ses partisans vont se satisfaire de la mansu\u00e9tude de Paul Biya en cessant de contester la l\u00e9gitim\u00e9 de sa victoire \u00e0 la pr\u00e9sidentielle de 2018. En tout cas, le pouvoir les y invite et cela, sans ambages. Pour le ministre de la Communication, \u00ab\u00a0<em>la balle est d\u00e9sormais dans le camp de Kamto et des siens\u00a0<\/em>\u00bb. Il enfonce le clou en estimant que Kamto et ses partisans doivent \u00ab\u00a0<em>arr\u00eater cette esp\u00e8ce de th\u00e9\u00e2tralisation qui n\u2019a pas lieu d\u2019\u00eatre, dans la mesure o\u00f9 ils contestent une situation incontestable. Ils r\u00e9clament une victoire qu\u2019ils n\u2019ont jamais gagn\u00e9e<\/em>\u00a0\u00bb. Les choses sont claires, Kamto et les siens, aux yeux du pouvoir, sont des com\u00e9diens qui doivent cesser de prendre leurs r\u00eaves pour la r\u00e9alit\u00e9. En tout cas, du c\u00f4t\u00e9 de l\u2019opposant, les choses ne sont pas per\u00e7ues de la m\u00eame mani\u00e8re. Et les premiers mots que l\u2019opposant a prononc\u00e9s quelques instants apr\u00e8s sa sortie de prison, laissent pr\u00e9sager que le \u00e9ni\u00e8me mandat de Paul Biya ne sera pas un long fleuve tranquille. En effet, il a martel\u00e9 ceci\u00a0: \u00ab\u00a0<em>Si certains pensent que le fait d\u2019\u00eatre lib\u00e9r\u00e9, c\u2019est la fin de la lutte, alors, ils n\u2019ont rien compris\u00a0<\/em>\u00bb. Et face \u00e0 ses nombreux partisans venus l\u2019acclamer \u00e0 sa sortie de prison, Maurice Kamto a laiss\u00e9 entendre qu\u2019il ne les trahira jamais. C\u2019est donc un\u00a0Maurice Kamto s\u00fbr de son bon droit, qui s\u2019est adress\u00e9 \u00e0 ses partisans. Le moins que l\u2019on puisse dire, c\u2019est que la lib\u00e9ration de l\u2019opposant, voulue par Paul Biya, est loin d\u2019anesth\u00e9sier sa d\u00e9termination \u00e0 d\u00e9boulonner ce dernier et son syst\u00e8me. On peut donc s\u2019attendre \u00e0 ce que ce dernier retourne \u00e0 la case prison, puisqu\u2019au Cameroun, on peut se permettre tout sauf afficher ouvertement une telle posture politique. L\u2019autre \u00e9l\u00e9ment qui invite \u00e0 ne pas aller trop vite en besogne quant aux chances du Cameroun d\u2019aller \u00e0 la paix cons\u00e9cutivement \u00e0 ces cascades de lib\u00e9rations, est li\u00e9 au maintien, en prison, du leader ambazonien, Sisiku Ayuk Tab\u00e9. A cela, il faut ajouter que plus d\u2019un millier de Camerounais originaires des r\u00e9gions anglophones, sont encore emprisonn\u00e9s et une soixantaine, poursuivis.<\/p>\n<p><strong>Il est largement temps pour Paul Biya de faire pr\u00e9valoir ses droits \u00e0 la retraite<\/strong><\/p>\n<p><strong>\u00a0<\/strong><\/p>\n<p class=\"c3\">En somme, le chemin de la paix et de la r\u00e9solution de la crise politique est encore long. Et cela est d\u00fb au fait que Paul Biya n\u2019est pas all\u00e9 au bout du diagnostic du mal camerounais. En effet, un diagnostic complet et sans complaisance de la situation du Cameroun, lui aurait permis de savoir que le plus grand mal de ce pays, s\u2019appelle Paul Biya. Les autres maux dont souffre actuellement le pays, sont en r\u00e9alit\u00e9 les effets induits de ce grand mal. Apr\u00e8s presque quatre d\u00e9cennies de pouvoir sans partage, coupl\u00e9 \u00e0 une gestion des ressources \u00e0 son seul profit, Paul Biya doit comprendre, pour autant qu\u2019il ait encore un grain d\u2019amour pour le Cameroun, qu\u2019il est largement temps pour lui de faire pr\u00e9valoir ses droits \u00e0 la retraite, pour permettre \u00e0 un autre Camerounais de pr\u00e9sider aux destin\u00e9s du pays.\u00a0 Manifestement, son si long r\u00e8gne a fait beaucoup de mal au Cameroun. Or, l\u2019absence d\u2019alternance est source de violences et d\u2019instabilit\u00e9. C\u2019est ce que vit aujourd\u2019hui le Cameroun. Et la mani\u00e8re dont il vient de proc\u00e9der \u00e0 la lib\u00e9ration de Maurice Kamto et compagnie, vient illustrer le fait que l\u2019institution judiciaire, au Cameroun, se r\u00e9duit \u00e0 sa petite personne. C\u2019est lui qui emprisonne selon ses humeurs, c\u2019est lui seul qui d\u00e9cide de qui doit \u00eatre maintenu en prison ou lib\u00e9r\u00e9. Dans ces conditions, l\u2019on peut trouver l\u00e9gitime que ses compatriotes mettent un point d\u2019honneur \u00e0 chercher \u00e0 se d\u00e9barrasser de lui et de son syst\u00e8me. Et s\u2019ils ne peuvent le faire par la voie des urnes, puisqu\u2019au Cameroun la d\u00e9mocratie est un vain mot, la tentation est grande qu\u2019ils le fassent par d\u2019autres moyens. C\u2019est aussi simple que cela.<\/p>\n<p><strong><em>\u00ab\u00a0Le Pays\u00a0\u00bb<\/em><\/strong><\/p>\n<p>Auteur: Le Pays<br \/>\n<a href=\"http:\/\/lepays.bf\/liberation-de-maurice-kamto-et-compagnie-2\/\">Cliquez ici pour lire l&rsquo;article depuis sa source.<\/a><\/p>\n","protected":false},"excerpt":{"rendered":"<p>Dans le cadre du grand dialogue national, le pr\u00e9sident camerounais, Paul Biya, a ordonn\u00e9 la lib\u00e9ration de 333\u00a0 d\u00e9tenus\u00a0 anglophones. C\u2019\u00e9tait le jeudi 3 octobre dernier. Cette mesure a \u00e9t\u00e9 salu\u00e9e \u00e0 sa juste valeur en ce sens qu\u2019elle participe de la recherche de la paix et du vivre-ensemble au Cameroun. A peine a-t-on fini [&hellip;]<\/p>\n","protected":false},"author":1813,"featured_media":0,"comment_status":"closed","ping_status":"closed","sticky":false,"template":"","format":"standard","meta":{"fifu_image_url":"","fifu_image_alt":"","footnotes":""},"categories":[73,81],"tags":[],"class_list":["post-63656","post","type-post","status-publish","format-standard","hentry","category-actualite","category-burkina-faso"],"_links":{"self":[{"href":"https:\/\/linitiative.ca\/International\/wp-json\/wp\/v2\/posts\/63656","targetHints":{"allow":["GET"]}}],"collection":[{"href":"https:\/\/linitiative.ca\/International\/wp-json\/wp\/v2\/posts"}],"about":[{"href":"https:\/\/linitiative.ca\/International\/wp-json\/wp\/v2\/types\/post"}],"author":[{"embeddable":true,"href":"https:\/\/linitiative.ca\/International\/wp-json\/wp\/v2\/users\/1813"}],"replies":[{"embeddable":true,"href":"https:\/\/linitiative.ca\/International\/wp-json\/wp\/v2\/comments?post=63656"}],"version-history":[{"count":0,"href":"https:\/\/linitiative.ca\/International\/wp-json\/wp\/v2\/posts\/63656\/revisions"}],"wp:attachment":[{"href":"https:\/\/linitiative.ca\/International\/wp-json\/wp\/v2\/media?parent=63656"}],"wp:term":[{"taxonomy":"category","embeddable":true,"href":"https:\/\/linitiative.ca\/International\/wp-json\/wp\/v2\/categories?post=63656"},{"taxonomy":"post_tag","embeddable":true,"href":"https:\/\/linitiative.ca\/International\/wp-json\/wp\/v2\/tags?post=63656"}],"curies":[{"name":"wp","href":"https:\/\/api.w.org\/{rel}","templated":true}]}}