{"id":63657,"date":"2019-10-07T16:44:51","date_gmt":"2019-10-07T20:44:51","guid":{"rendered":"https:\/\/linitiative.ca\/International\/chrono\/"},"modified":"2019-10-07T16:44:51","modified_gmt":"2019-10-07T20:44:51","slug":"chrono","status":"publish","type":"post","link":"https:\/\/linitiative.ca\/International\/chrono\/","title":{"rendered":"CHRONO"},"content":{"rendered":"<div class=\"featured-area featured-area-inner\"><img loading=\"lazy\" decoding=\"async\" width=\"724\" height=\"405\" src=\"http:\/\/lepays.bf\/wp-content\/uploads\/2017\/07\/lepaysresponsive.png\" class=\"attachment-jannah-image-post default-featured-img\" alt=\"\" srcset=\"http:\/\/lepays.bf\/wp-content\/uploads\/2017\/07\/lepaysresponsive.png 1137w, http:\/\/lepays.bf\/wp-content\/uploads\/2017\/07\/lepaysresponsive-300x168.png 300w, http:\/\/lepays.bf\/wp-content\/uploads\/2017\/07\/lepaysresponsive-768x430.png 768w, http:\/\/lepays.bf\/wp-content\/uploads\/2017\/07\/lepaysresponsive-1024x573.png 1024w\" sizes=\"auto, (max-width: 724px) 100vw, 724px\"\/><\/div>\n<div class=\"entry-content entry clearfix\" readability=\"46\">\n<div class=\"stream-item stream-item-above-post-content\">\n<p><noscript><\/p>\n<p><a href=\"\/\/www3.smartadserver.com\/ac?jump=1&#038;nwid=2136&#038;siteid=240610&#038;pgname=rg&#038;fmtid=49046&#038;visit=m&#038;tmstp=[timestamp]&#038;out=nonrich\" target=\"_blank\" rel=\"noopener noreferrer\"><img decoding=\"async\" src=\"\/\/www3.smartadserver.com\/ac?out=nonrich&#038;nwid=2136&#038;siteid=240610&#038;pgname=rg&#038;fmtid=49046&#038;visit=m&#038;tmstp=[timestamp]\" border=\"0\" alt=\"\"\/><\/a><\/p>\n<p><\/noscript><\/div>\n<p><strong>A l\u2019heure<\/strong><\/p>\n<p class=\"c3\">\u00a0Annonc\u00e9 pour\u00a0 15h 30 en provenance de la France, le vol de notre compatriote Hugues Fabrice Zango, m\u00e9daill\u00e9 de bronze aux mondiaux d\u2019athl\u00e9tisme \u00e0 Doha, est arriv\u00e9 \u00e0 15h 05, soit \u00a0avec 25 mn d\u2019avance<\/p>\n<p><strong>\u00a0<\/strong><strong>En retard<\/strong><\/p>\n<p><strong>\u00a0<\/strong><\/p>\n<p class=\"c3\">La c\u00e9r\u00e9monie de remise de dons de mat\u00e9riels \u00e0 la premi\u00e8re compagnie de la brigade nationale des sapeurs-pompiers de Baskuy, le jeudi 3 octobre 2019, initialement pr\u00e9vue \u00e0 15h 30, a finalement d\u00e9marr\u00e9 \u00e0 17h 30, soit avec plus de 2h de retard.<\/p>\n<\/div>\n<p>Auteur: Le Pays<br \/>\n<a href=\"http:\/\/lepays.bf\/chrono\/\">Cliquez ici pour lire l&rsquo;article depuis sa source.<\/a><\/p>\n","protected":false},"excerpt":{"rendered":"<p>A l\u2019heure \u00a0Annonc\u00e9 pour\u00a0 15h 30 en provenance de la France, le vol de notre compatriote Hugues Fabrice Zango, m\u00e9daill\u00e9 de bronze aux mondiaux d\u2019athl\u00e9tisme \u00e0 Doha, est arriv\u00e9 \u00e0 15h 05, soit \u00a0avec 25 mn d\u2019avance \u00a0En retard \u00a0 La c\u00e9r\u00e9monie de remise de dons de mat\u00e9riels \u00e0 la premi\u00e8re compagnie de la brigade [&hellip;]<\/p>\n","protected":false},"author":1813,"featured_media":63658,"comment_status":"closed","ping_status":"closed","sticky":false,"template":"","format":"standard","meta":{"fifu_image_url":"","fifu_image_alt":"","footnotes":""},"categories":[73,81],"tags":[],"class_list":["post-63657","post","type-post","status-publish","format-standard","has-post-thumbnail","hentry","category-actualite","category-burkina-faso"],"_links":{"self":[{"href":"https:\/\/linitiative.ca\/International\/wp-json\/wp\/v2\/posts\/63657","targetHints":{"allow":["GET"]}}],"collection":[{"href":"https:\/\/linitiative.ca\/International\/wp-json\/wp\/v2\/posts"}],"about":[{"href":"https:\/\/linitiative.ca\/International\/wp-json\/wp\/v2\/types\/post"}],"author":[{"embeddable":true,"href":"https:\/\/linitiative.ca\/International\/wp-json\/wp\/v2\/users\/1813"}],"replies":[{"embeddable":true,"href":"https:\/\/linitiative.ca\/International\/wp-json\/wp\/v2\/comments?post=63657"}],"version-history":[{"count":0,"href":"https:\/\/linitiative.ca\/International\/wp-json\/wp\/v2\/posts\/63657\/revisions"}],"wp:featuredmedia":[{"embeddable":true,"href":"https:\/\/linitiative.ca\/International\/wp-json\/"}],"wp:attachment":[{"href":"https:\/\/linitiative.ca\/International\/wp-json\/wp\/v2\/media?parent=63657"}],"wp:term":[{"taxonomy":"category","embeddable":true,"href":"https:\/\/linitiative.ca\/International\/wp-json\/wp\/v2\/categories?post=63657"},{"taxonomy":"post_tag","embeddable":true,"href":"https:\/\/linitiative.ca\/International\/wp-json\/wp\/v2\/tags?post=63657"}],"curies":[{"name":"wp","href":"https:\/\/api.w.org\/{rel}","templated":true}]}}