{"id":63659,"date":"2019-10-07T17:18:04","date_gmt":"2019-10-07T21:18:04","guid":{"rendered":"https:\/\/linitiative.ca\/International\/promotion-du-dialogue-intra-et-inter-religieux-au-burkina-faso-les-animateurs-des-medias-confessionnels-invites-a-adoucir-le-message-religieux\/"},"modified":"2019-10-07T17:18:04","modified_gmt":"2019-10-07T21:18:04","slug":"promotion-du-dialogue-intra-et-inter-religieux-au-burkina-faso-les-animateurs-des-medias-confessionnels-invites-a-adoucir-le-message-religieux","status":"publish","type":"post","link":"https:\/\/linitiative.ca\/International\/promotion-du-dialogue-intra-et-inter-religieux-au-burkina-faso-les-animateurs-des-medias-confessionnels-invites-a-adoucir-le-message-religieux\/","title":{"rendered":"Promotion du dialogue intra et inter religieux au Burkina Faso : Les animateurs des m\u00e9dias confessionnels invit\u00e9s \u00e0 adoucir le message religieux"},"content":{"rendered":"<div class=\"td-post-featured-image\" readability=\"33\"><a href=\"https:\/\/i0.wp.com\/www.sidwaya.info\/wp-content\/uploads\/2019\/10\/religieux.gif?fit=700%2C352&#038;ssl=1\" data-caption=\"Une vue des membres du pr\u00e9sidium lors de la c\u00e9r\u00e9monie d\u2019ouverture de la session de formation des animateurs des m\u00e9dias confessionnels \u00e0 Ziniar\u00e9.\"><img loading=\"lazy\" decoding=\"async\" width=\"696\" height=\"350\" class=\"entry-thumb td-modal-image\" src=\"https:\/\/i0.wp.com\/www.sidwaya.info\/wp-content\/uploads\/2019\/10\/religieux.gif?resize=696%2C350&#038;ssl=1\" alt=\"\" title=\"religieux\"\/><\/a>Une vue des membres du pr\u00e9sidium lors de la c\u00e9r\u00e9monie d\u2019ouverture de la session de formation des animateurs des m\u00e9dias confessionnels \u00e0 Ziniar\u00e9.<\/div>\n<p><strong>Le ministre d\u2019Etat, ministre de l\u2019Administration territoriale, de la D\u00e9centralisation et de la Coh\u00e9sion sociale, Sim\u00e9on Sawadogo, a pr\u00e9sid\u00e9, le mardi 10 septembre 2019 \u00e0 Ziniar\u00e9, la c\u00e9r\u00e9monie d\u2019ouverture d\u2019une session de formation au profit des m\u00e9dias confessionnels. Objectif : contribuer \u00e0 la lutte contre la radicalisation et l\u2019extr\u00e9misme violent pour un mieux vivre ensemble.<\/strong><\/p>\n<p>L\u2019expansion des t\u00e9l\u00e9communications ont fait de la presse \u00e9crite et audiovisuelle, de la radio et des r\u00e9seaux sociaux, de v\u00e9ritables outils de promotion de faits religieux. C\u2019est ainsi que de nombreux m\u00e9dias confessionnels ont vu le jour \u00e0 partir des ann\u00e9es 2000, v\u00e9hiculant chaque jour des messages et des enseignements religieux.<\/p>\n<p>L\u2019accessibilit\u00e9 aux m\u00e9dias a \u00e9galement ouvert des voies \u00e0 de nouvelles figures religieuses qui ont mis \u00e0 profit ces nouveaux outils de communication pour acqu\u00e9rir une l\u00e9gitimit\u00e9 dans la sph\u00e8re publique. Dans un tel contexte national et sous r\u00e9gional marqu\u00e9 par le ph\u00e9nom\u00e8ne de la radicalisation, de l\u2019extr\u00e9misme violent et de l\u2019int\u00e9grisme religieux, il s\u2019av\u00e8re plus qu\u2019urgent d\u2019adoucir le message religieux pour favoriser une coexistence pacifique entre les populations, d\u2019o\u00f9 l\u2019organisation de ladite session de formation.<\/p>\n<p>Plac\u00e9e sous le th\u00e8me \u00abM\u00e9dias confessionnels face \u00e0 la radicalisation et l\u2019extr\u00e9misme violent\u00bb, cette session de formation a \u00e9t\u00e9 organis\u00e9e par la Direction g\u00e9n\u00e9rale des libert\u00e9s publiques et des affaires politiques. Durant deux jours, les animateurs des m\u00e9dias confessionnels auront \u00e0 \u00e9changer sur ce th\u00e8me dont l\u2019actualit\u00e9 quotidienne ne laisse indiff\u00e9rent aucun Burkinab\u00e8. Il ne fait aucun doute que les m\u00e9dias confessionnels jouent un r\u00f4le extr\u00eamement important dans la diffusion du message religieux qui peut \u00eatre d\u2019un c\u00f4t\u00e9, source de paix et de coh\u00e9sion sociale mais malheureusement dans certaines circonstances, source de discorde et d\u2019influence. Les m\u00e9dias doivent \u00eatre vecteurs de paix et de non de haine.<\/p>\n<h3>Les animateurs des m\u00e9dias confessionnels invit\u00e9s \u00e0 \u00e9viter les propos empreints de haine et d\u2019intol\u00e9rance<\/h3>\n<p><img loading=\"lazy\" decoding=\"async\" class=\"size-medium wp-image-14879\" src=\"https:\/\/i0.wp.com\/www.sidwaya.info\/wp-content\/uploads\/2019\/10\/religieux2.gif?resize=300%2C225&#038;ssl=1\" alt=\"\" width=\"300\" height=\"225\" srcset=\"https:\/\/i0.wp.com\/www.sidwaya.info\/wp-content\/uploads\/2019\/10\/religieux2.gif?resize=300%2C225&#038;ssl=1 300w, https:\/\/i0.wp.com\/www.sidwaya.info\/wp-content\/uploads\/2019\/10\/religieux2.gif?resize=80%2C60&#038;ssl=1 80w, https:\/\/i0.wp.com\/www.sidwaya.info\/wp-content\/uploads\/2019\/10\/religieux2.gif?resize=265%2C198&#038;ssl=1 265w, https:\/\/i0.wp.com\/www.sidwaya.info\/wp-content\/uploads\/2019\/10\/religieux2.gif?resize=696%2C522&#038;ssl=1 696w, https:\/\/i0.wp.com\/www.sidwaya.info\/wp-content\/uploads\/2019\/10\/religieux2.gif?resize=560%2C420&#038;ssl=1 560w\" sizes=\"auto, (max-width: 300px) 100vw, 300px\" data-recalc-dims=\"1\"\/>Cette session de formation vise \u00e0 outiller les animateurs des m\u00e9dias professionnels afin qu\u2019ils participent \u00e0 l\u2019\u0153uvre de reconstruction de notre coh\u00e9sion sociale et de notre vivre-ensemble, a indiqu\u00e9 le ministre d\u2019Etat, Sim\u00e9on Sawadogo.<\/p>\n<p>Dans son mot d\u2019ouverture, le ministre d\u2019Etat, ministre de l\u2019Administration territoriale, de la D\u00e9centralisation et de la Coh\u00e9sion sociale, Sim\u00e9on Sawadogo, a indiqu\u00e9 que : \u00abCette session de formation vient donc \u00e0 point nomm\u00e9 en ce sens que l\u2019objectif recherch\u00e9 est la consolidation de la paix sociale et le renforcement du mieux vivre ensemble. C\u2019est ainsi que nous parviendrons progressivement \u00e0 la coh\u00e9sion sociale qui me semble \u00eatre la capacit\u00e9 d\u2019une soci\u00e9t\u00e9 \u00e0 assurer le bien-\u00eatre de tous ses membres en r\u00e9duisant les disparit\u00e9s, en \u00e9vitant la marginalisation et la stigmatisation\u00bb.<\/p>\n<p>Pour l\u2019atteinte des objectifs vis\u00e9s, l\u2019accent a \u00e9t\u00e9 mis sur ce qu\u2019est la religion dans sa conception et sa perception globale afin de permettre aux participants de ma\u00eetriser sa pratique pour l\u2019acceptation de l\u2019autre dans sa diff\u00e9rence de croyance. Les \u00e9changes ont permis \u00e9galement aux participants d\u2019avoir des connaissances solides sur le concept de libert\u00e9 religieuse et les facteurs pouvant conduire \u00e0 la radicalisation et \u00e0 l\u2019extr\u00e9misme violent. Ainsi outill\u00e9s, les animateurs des m\u00e9dias confessionnels devront rejeter toute forme de violence qui puisse compromettre l\u2019harmonie fraternelle, intrareligieuse et la coexistence citoyenne interreligieuse.<\/p>\n<p>Pour ce faire, le ministre d\u2019Etat, Sim\u00e9on Sawadogo a lanc\u00e9 : \u00abA l\u2019issue de cet atelier, vous devrez veiller \u00e0 ce que les propos qui seront v\u00e9hicul\u00e9s \u00e0 travers vos \u00e9missions ne soient pas empreints de haine et d\u2019intol\u00e9rance. Ainsi, vous parviendrez \u00e0 \u00eatre des acteurs de protection et de d\u00e9fense de la paix \u00e0 travers la promotion du dialogue intra et inter religieux dans notre pays\u00bb. \u00abPour ce faire, je vous exhorte davantage \u00e0 \u0153uvrer pour la promotion de la culture de la paix et de la tol\u00e9rance, toute chose qui permettra sans nul doute \u00e0 notre pays de relever les nombreux d\u00e9fis auxquels il fait face actuellement.<\/p>\n<p>La communication est le socle de tout d\u00e9veloppement et il faut savoir communiquer en faisant attention aux mots, aux expressions que nous utilisons. Par cons\u00e9quent, j\u2019invite chacun \u00e0 s\u2019investir pleinement tout au long de cette session afin qu\u2019au sortir, vous soyez suffisamment outill\u00e9s pour relever les nombreux d\u00e9fis auxquels vous serez confront\u00e9s dans l\u2019exercice de votre profession\u00bb, a conclu le ministre d\u2019Etat, Sim\u00e9on Sawadogo. Cette activit\u00e9 a \u00e9t\u00e9 possible gr\u00e2ce \u00e0 l\u2019accompagnement de l\u2019Union europ\u00e9enne.<\/p>\n<p class=\"c1\"><strong>Abdias Cyprien SAWADOGO<\/strong><\/p>\n<div class=\"td-a-rec td-a-rec-id-content_bottom td_uid_30_5d9bab9adeecf_rand td_block_template_1\"><img loading=\"lazy\" decoding=\"async\" class=\"aligncenter size-full wp-image-9623\" src=\"https:\/\/www.sidwaya.info\/wp-content\/uploads\/2019\/06\/Projet-bannie%CC%80re-Orange-mobile.jpg\" alt=\"\" width=\"728\" height=\"81\"\/><\/div>\n<p>Auteur: JK. Sidwaya<br \/>\n<a href=\"https:\/\/www.sidwaya.info\/blog\/2019\/10\/07\/promotion-du-dialogue-intra-et-inter-religieux-au-burkina-faso-les-animateurs-des-medias-confessionnels-invites-a-adoucir-le-message-religieux\/\">Cliquez ici pour lire l&rsquo;article depuis sa source.<\/a><\/p>\n","protected":false},"excerpt":{"rendered":"<p>Une vue des membres du pr\u00e9sidium lors de la c\u00e9r\u00e9monie d\u2019ouverture de la session de formation des animateurs des m\u00e9dias confessionnels \u00e0 Ziniar\u00e9. Le ministre d\u2019Etat, ministre de l\u2019Administration territoriale, de la D\u00e9centralisation et de la Coh\u00e9sion sociale, Sim\u00e9on Sawadogo, a pr\u00e9sid\u00e9, le mardi 10 septembre 2019 \u00e0 Ziniar\u00e9, la c\u00e9r\u00e9monie d\u2019ouverture d\u2019une session de [&hellip;]<\/p>\n","protected":false},"author":1816,"featured_media":0,"comment_status":"closed","ping_status":"closed","sticky":false,"template":"","format":"standard","meta":{"fifu_image_url":"","fifu_image_alt":"","footnotes":""},"categories":[73,81],"tags":[],"class_list":["post-63659","post","type-post","status-publish","format-standard","hentry","category-actualite","category-burkina-faso"],"_links":{"self":[{"href":"https:\/\/linitiative.ca\/International\/wp-json\/wp\/v2\/posts\/63659","targetHints":{"allow":["GET"]}}],"collection":[{"href":"https:\/\/linitiative.ca\/International\/wp-json\/wp\/v2\/posts"}],"about":[{"href":"https:\/\/linitiative.ca\/International\/wp-json\/wp\/v2\/types\/post"}],"author":[{"embeddable":true,"href":"https:\/\/linitiative.ca\/International\/wp-json\/wp\/v2\/users\/1816"}],"replies":[{"embeddable":true,"href":"https:\/\/linitiative.ca\/International\/wp-json\/wp\/v2\/comments?post=63659"}],"version-history":[{"count":0,"href":"https:\/\/linitiative.ca\/International\/wp-json\/wp\/v2\/posts\/63659\/revisions"}],"wp:attachment":[{"href":"https:\/\/linitiative.ca\/International\/wp-json\/wp\/v2\/media?parent=63659"}],"wp:term":[{"taxonomy":"category","embeddable":true,"href":"https:\/\/linitiative.ca\/International\/wp-json\/wp\/v2\/categories?post=63659"},{"taxonomy":"post_tag","embeddable":true,"href":"https:\/\/linitiative.ca\/International\/wp-json\/wp\/v2\/tags?post=63659"}],"curies":[{"name":"wp","href":"https:\/\/api.w.org\/{rel}","templated":true}]}}