{"id":63660,"date":"2019-10-07T17:23:32","date_gmt":"2019-10-07T21:23:32","guid":{"rendered":"https:\/\/linitiative.ca\/International\/transfert-des-competences-en-matiere-denvironnement-au-sud-ouest-les-forces-et-faiblesses-presentees\/"},"modified":"2019-10-07T17:23:32","modified_gmt":"2019-10-07T21:23:32","slug":"transfert-des-competences-en-matiere-denvironnement-au-sud-ouest-les-forces-et-faiblesses-presentees","status":"publish","type":"post","link":"https:\/\/linitiative.ca\/International\/transfert-des-competences-en-matiere-denvironnement-au-sud-ouest-les-forces-et-faiblesses-presentees\/","title":{"rendered":"Transfert des comp\u00e9tences en mati\u00e8re d\u2019environnement au Sud-Ouest: Les forces et faiblesses pr\u00e9sent\u00e9es"},"content":{"rendered":"<div class=\"td-post-featured-image\" readability=\"33\"><a href=\"https:\/\/i2.wp.com\/www.sidwaya.info\/wp-content\/uploads\/2019\/10\/transfert.gif?fit=700%2C368&#038;ssl=1\" data-caption=\"L\u2019assistance a reconnu que les collectivit\u00e9s disposent de tr\u00e8s peu de ressources humaines et financi\u00e8res.\"><img loading=\"lazy\" decoding=\"async\" width=\"696\" height=\"366\" class=\"entry-thumb td-modal-image\" src=\"https:\/\/i2.wp.com\/www.sidwaya.info\/wp-content\/uploads\/2019\/10\/transfert.gif?resize=696%2C366&#038;ssl=1\" alt=\"\" title=\"transfert\"\/><\/a>L\u2019assistance a reconnu que les collectivit\u00e9s disposent de tr\u00e8s peu de ressources humaines et financi\u00e8res.<\/div>\n<p><strong>Le minist\u00e8re de l\u2019Environnement, de l\u2019Economie verte et du Changement climatique, a tenu un atelier de restitution des donn\u00e9es collect\u00e9es sur le transfert des comp\u00e9tences en mati\u00e8re d\u2019environnement, le lundi 23 septembre 2019 \u00e0 Gaoua.<\/strong><\/p>\n<p>A la faveur du processus de la d\u00e9centralisation, un certain nombre de comp\u00e9tences en mati\u00e8re d\u2019environnement ont \u00e9t\u00e9 transf\u00e9r\u00e9es aux collectivit\u00e9s. Pour \u00e9valuer le niveau du transfert, une \u00e9tude est men\u00e9e. Ainsi, pour pr\u00e9senter les r\u00e9sultats de l\u2019\u00e9tude au Sud-Ouest, le minist\u00e8re de l\u2019Environnement, de l\u2019Economie verte et du Changement climatique a organis\u00e9 un atelier de restitution, le lundi 23 septembre 2019 \u00e0 Gaoua.<\/p>\n<p>De l\u2019avis, du directeur du d\u00e9veloppement institutionnel et des affaires juridiques du minist\u00e8re, Gontra Som\u00e9, l\u2019atelier a permis de pr\u00e9senter les donn\u00e9es sur les transferts de comp\u00e9tences. Il ajoute que cela a \u00e9t\u00e9 une occasion de voir ce que les collectivit\u00e9s et le minist\u00e8re font en mati\u00e8re des comp\u00e9tences transf\u00e9r\u00e9es.<\/p>\n<p>Ainsi, les forces et les faiblesses ont \u00e9t\u00e9 d\u00e9cel\u00e9es. S\u2019agissant des faiblesses, M. Som\u00e9 indique en exemple, le manque de service pour g\u00e9rer les questions environnementales dans la plupart des collectivit\u00e9s visit\u00e9es. Egalement, il souligne qu\u2019une communication efficace est n\u00e9cessaire pour une meilleure compr\u00e9hension des comp\u00e9tences transf\u00e9r\u00e9es. Le repr\u00e9sentant du conseil r\u00e9gional du Sud-Ouest, Sorobena Youl, pour sa part, a remerci\u00e9 le minist\u00e8re en charge de l\u2019environnement pour la tenue de cette rencontre.<\/p>\n<p>\u00abNous avons eu l\u2019occasion de voir par les r\u00e9sultats d\u2019une \u00e9tude, les acquis et les faiblesses du transfert des comp\u00e9tences dans le domaine de l\u2019environnement\u00bb, a-t-il d\u00e9clar\u00e9. Ensuite M. Youl reconna\u00eet qu\u2019il y a eu des actions men\u00e9es afin de faire face aux questions du changement climatique dans la r\u00e9gion. A ce titre, il indique la cr\u00e9ation d\u2019un bosquet r\u00e9gional de 17 hectares dans la commune urbaine de Dano.<\/p>\n<p class=\"c1\"><strong>Evariste YODA<\/strong><\/p>\n<div class=\"td-a-rec td-a-rec-id-content_bottom td_uid_30_5d9bace3ed435_rand td_block_template_1\"><img loading=\"lazy\" decoding=\"async\" class=\"aligncenter size-full wp-image-9623\" src=\"https:\/\/www.sidwaya.info\/wp-content\/uploads\/2019\/06\/Projet-bannie%CC%80re-Orange-mobile.jpg\" alt=\"\" width=\"728\" height=\"81\"\/><\/div>\n<p>Auteur: JK. Sidwaya<br \/>\n<a href=\"https:\/\/www.sidwaya.info\/blog\/2019\/10\/07\/transfert-des-competences-en-matiere-denvironnement-au-sud-ouest-les-forces-et-faiblesses-presentees\/\">Cliquez ici pour lire l&rsquo;article depuis sa source.<\/a><\/p>\n","protected":false},"excerpt":{"rendered":"<p>L\u2019assistance a reconnu que les collectivit\u00e9s disposent de tr\u00e8s peu de ressources humaines et financi\u00e8res. Le minist\u00e8re de l\u2019Environnement, de l\u2019Economie verte et du Changement climatique, a tenu un atelier de restitution des donn\u00e9es collect\u00e9es sur le transfert des comp\u00e9tences en mati\u00e8re d\u2019environnement, le lundi 23 septembre 2019 \u00e0 Gaoua. A la faveur du processus [&hellip;]<\/p>\n","protected":false},"author":1816,"featured_media":0,"comment_status":"closed","ping_status":"closed","sticky":false,"template":"","format":"standard","meta":{"fifu_image_url":"","fifu_image_alt":"","footnotes":""},"categories":[73,81],"tags":[],"class_list":["post-63660","post","type-post","status-publish","format-standard","hentry","category-actualite","category-burkina-faso"],"_links":{"self":[{"href":"https:\/\/linitiative.ca\/International\/wp-json\/wp\/v2\/posts\/63660","targetHints":{"allow":["GET"]}}],"collection":[{"href":"https:\/\/linitiative.ca\/International\/wp-json\/wp\/v2\/posts"}],"about":[{"href":"https:\/\/linitiative.ca\/International\/wp-json\/wp\/v2\/types\/post"}],"author":[{"embeddable":true,"href":"https:\/\/linitiative.ca\/International\/wp-json\/wp\/v2\/users\/1816"}],"replies":[{"embeddable":true,"href":"https:\/\/linitiative.ca\/International\/wp-json\/wp\/v2\/comments?post=63660"}],"version-history":[{"count":0,"href":"https:\/\/linitiative.ca\/International\/wp-json\/wp\/v2\/posts\/63660\/revisions"}],"wp:attachment":[{"href":"https:\/\/linitiative.ca\/International\/wp-json\/wp\/v2\/media?parent=63660"}],"wp:term":[{"taxonomy":"category","embeddable":true,"href":"https:\/\/linitiative.ca\/International\/wp-json\/wp\/v2\/categories?post=63660"},{"taxonomy":"post_tag","embeddable":true,"href":"https:\/\/linitiative.ca\/International\/wp-json\/wp\/v2\/tags?post=63660"}],"curies":[{"name":"wp","href":"https:\/\/api.w.org\/{rel}","templated":true}]}}