{"id":63661,"date":"2019-10-07T17:28:43","date_gmt":"2019-10-07T21:28:43","guid":{"rendered":"https:\/\/linitiative.ca\/International\/situation-securitaire-au-burkina-des-representantes-du-congres-americain-sinforment-a-kosyam\/"},"modified":"2019-10-07T17:28:43","modified_gmt":"2019-10-07T21:28:43","slug":"situation-securitaire-au-burkina-des-representantes-du-congres-americain-sinforment-a-kosyam","status":"publish","type":"post","link":"https:\/\/linitiative.ca\/International\/situation-securitaire-au-burkina-des-representantes-du-congres-americain-sinforment-a-kosyam\/","title":{"rendered":"Situation s\u00e9curitaire au Burkina : Des repr\u00e9sentantes du congr\u00e8s am\u00e9ricain s\u2019informent \u00e0  Kosyam"},"content":{"rendered":"<div class=\"td-post-featured-image\" readability=\"34\"><a href=\"https:\/\/i1.wp.com\/www.sidwaya.info\/wp-content\/uploads\/2019\/10\/congre%CC%80s.gif?fit=700%2C386&#038;ssl=1\" data-caption=\"Les h\u00f4tes du palais de Kosyam disent avoir eu une audience fructueuse avec le Pr\u00e9sident du Faso, Roch Marc Christian Kabor\u00e9.\"><img loading=\"lazy\" decoding=\"async\" width=\"696\" height=\"384\" class=\"entry-thumb td-modal-image\" src=\"https:\/\/i1.wp.com\/www.sidwaya.info\/wp-content\/uploads\/2019\/10\/congre%CC%80s.gif?resize=696%2C384&#038;ssl=1\" alt=\"\" title=\"congre\u0300s\"\/><\/a>Les h\u00f4tes du palais de Kosyam disent avoir eu une audience fructueuse avec le Pr\u00e9sident du Faso, Roch Marc Christian Kabor\u00e9.<\/div>\n<p><strong>Le Pr\u00e9sident du Faso, Roch Marc Christian Kabor\u00e9, a re\u00e7u en audience, le vendredi 4 octobre 2019 \u00e0 Ouagadougou, trois \u00e9lues de la Chambre des repr\u00e9sentants du congr\u00e8s am\u00e9ricain. Il a \u00e9t\u00e9 question de la situation s\u00e9curitaire et des programmes de d\u00e9veloppement avec les Etats-Unis.<\/strong><\/p>\n<p>La pr\u00e9sidente de la sous-commission Afrique, sant\u00e9, droits humains et relations ext\u00e9rieures de la Chambre des repr\u00e9sentants des Etats-Unis d\u2019Am\u00e9rique, Karen Bass, a exprim\u00e9 la solidarit\u00e9 du peuple am\u00e9ricain aux Burkinab\u00e8 dans la lutte contre le terrorisme. Accompagn\u00e9e de deux autres \u00e9lues de la Chambre basse du congr\u00e8s am\u00e9ricain, Sheila Jackson Lee et Ilhan Omar, elles ont \u00e9t\u00e9 re\u00e7ues en audience par le Pr\u00e9sident du Faso, Roch Marc Christian Kabor\u00e9, le vendredi 4 octobre 2019 \u00e0 Kosyam.<\/p>\n<p>La situation s\u00e9curitaire et le d\u00e9veloppement du pays en lien avec les programmes de coop\u00e9ration entre les Etats-Unis et le pays des Hommes int\u00e8gres ont \u00e9t\u00e9 au menu des \u00e9changes. \u00ab Nous sommes solidaires du peuple du Burkina Faso dans les moments difficiles qu\u2019il est en train de traverser. Je suis heureuse des diff\u00e9rents programmes mis en place, notamment le Millenium Challenge Corporation qui soutient le d\u00e9veloppement de l\u2019Afrique \u00bb, a-t-elle indiqu\u00e9.<\/p>\n<p>L\u2019\u00e9lue am\u00e9ricaine a appr\u00e9ci\u00e9 l\u2019audience \u00ab tr\u00e8s productive \u00bb avec le pr\u00e9sident du Faso qui leur a bross\u00e9 la situation s\u00e9curitaire du pays et de la sous-r\u00e9gion. Le Burkina Faso a constitu\u00e9 la derni\u00e8re \u00e9tape de la tourn\u00e9e des trois membres du congr\u00e8s am\u00e9ricain apr\u00e8s le Niger, Djibouti et l\u2019Allemagne. Elles se sont d\u2019abord rendues \u00e0 Stuttgart en Allemagne o\u00f9 se trouve le quartier g\u00e9n\u00e9ral du Commandement des Etats-Unis pour l\u2019Afrique (AFRICOM) pour s\u2019impr\u00e9gner sur la situation s\u00e9curitaire en Afrique.<\/p>\n<p>Les repr\u00e9sentantes ont ensuite \u00e9t\u00e9 \u00e0 Djibouti o\u00f9 sont install\u00e9es les infrastructures militaires les plus d\u00e9velopp\u00e9es d\u2019AFRICOM. \u00ab Nous avons une meilleure compr\u00e9hension de la situation au Burkina Faso, \u00e0 notre retour, \u00e7a va nous permettre de prendre les bonnes d\u00e9cisions et de voir dans quels domaines nous pouvons intensifier notre coop\u00e9ration et notre soutien au Burkina Faso \u00bb, a soutenu Karen Bass.<\/p>\n<p>Sa coll\u00e8gue repr\u00e9sentante du Congr\u00e8s, Sheila Lee Jackson, a laiss\u00e9 comprendre qu\u2019il faut \u00ab\u00e9couter le continent lorsqu\u2019il s\u2019agit d\u2019\u00e9tablir des politiques ou nouer des liens de solidarit\u00e9 afin de pouvoir mieux travailler\u00bb. Notant leur origine africaine, elle a assur\u00e9 qu\u2019elles seront des porte-voix du continent aux Etats-Unis et feront le plaidoyer pour faire b\u00e9n\u00e9ficier au continent les programmes de d\u00e9veloppement am\u00e9ricain.<\/p>\n<p class=\"c1\"><strong>Fab\u00e9 Mamadou OUATTARA<\/strong><\/p>\n<div class=\"td-a-rec td-a-rec-id-content_bottom td_uid_30_5d9bae16734fc_rand td_block_template_1\"><img loading=\"lazy\" decoding=\"async\" class=\"aligncenter size-full wp-image-9623\" src=\"https:\/\/www.sidwaya.info\/wp-content\/uploads\/2019\/06\/Projet-bannie%CC%80re-Orange-mobile.jpg\" alt=\"\" width=\"728\" height=\"81\"\/><\/div>\n<p>Auteur: JK. Sidwaya<br \/>\n<a href=\"https:\/\/www.sidwaya.info\/blog\/2019\/10\/07\/situation-securitaire-au-burkina-des-representantes-du-congres-americain-sinforment-a-kosyam\/\">Cliquez ici pour lire l&rsquo;article depuis sa source.<\/a><\/p>\n","protected":false},"excerpt":{"rendered":"<p>Les h\u00f4tes du palais de Kosyam disent avoir eu une audience fructueuse avec le Pr\u00e9sident du Faso, Roch Marc Christian Kabor\u00e9. Le Pr\u00e9sident du Faso, Roch Marc Christian Kabor\u00e9, a re\u00e7u en audience, le vendredi 4 octobre 2019 \u00e0 Ouagadougou, trois \u00e9lues de la Chambre des repr\u00e9sentants du congr\u00e8s am\u00e9ricain. Il a \u00e9t\u00e9 question de [&hellip;]<\/p>\n","protected":false},"author":1816,"featured_media":0,"comment_status":"closed","ping_status":"closed","sticky":false,"template":"","format":"standard","meta":{"fifu_image_url":"","fifu_image_alt":"","footnotes":""},"categories":[73,81],"tags":[],"class_list":["post-63661","post","type-post","status-publish","format-standard","hentry","category-actualite","category-burkina-faso"],"_links":{"self":[{"href":"https:\/\/linitiative.ca\/International\/wp-json\/wp\/v2\/posts\/63661","targetHints":{"allow":["GET"]}}],"collection":[{"href":"https:\/\/linitiative.ca\/International\/wp-json\/wp\/v2\/posts"}],"about":[{"href":"https:\/\/linitiative.ca\/International\/wp-json\/wp\/v2\/types\/post"}],"author":[{"embeddable":true,"href":"https:\/\/linitiative.ca\/International\/wp-json\/wp\/v2\/users\/1816"}],"replies":[{"embeddable":true,"href":"https:\/\/linitiative.ca\/International\/wp-json\/wp\/v2\/comments?post=63661"}],"version-history":[{"count":0,"href":"https:\/\/linitiative.ca\/International\/wp-json\/wp\/v2\/posts\/63661\/revisions"}],"wp:attachment":[{"href":"https:\/\/linitiative.ca\/International\/wp-json\/wp\/v2\/media?parent=63661"}],"wp:term":[{"taxonomy":"category","embeddable":true,"href":"https:\/\/linitiative.ca\/International\/wp-json\/wp\/v2\/categories?post=63661"},{"taxonomy":"post_tag","embeddable":true,"href":"https:\/\/linitiative.ca\/International\/wp-json\/wp\/v2\/tags?post=63661"}],"curies":[{"name":"wp","href":"https:\/\/api.w.org\/{rel}","templated":true}]}}