{"id":63662,"date":"2019-10-07T17:36:13","date_gmt":"2019-10-07T21:36:13","guid":{"rendered":"https:\/\/linitiative.ca\/International\/halhassane-sinare-secretaire-general-du-mbf-notre-parti-est-ouvert-a-tous-y-compris-les-deputes-frondeurs-de-lupc\/"},"modified":"2019-10-07T17:36:13","modified_gmt":"2019-10-07T21:36:13","slug":"halhassane-sinare-secretaire-general-du-mbf-notre-parti-est-ouvert-a-tous-y-compris-les-deputes-frondeurs-de-lupc","status":"publish","type":"post","link":"https:\/\/linitiative.ca\/International\/halhassane-sinare-secretaire-general-du-mbf-notre-parti-est-ouvert-a-tous-y-compris-les-deputes-frondeurs-de-lupc\/","title":{"rendered":"Halhassane Sinar\u00e9, secr\u00e9taire g\u00e9n\u00e9ral du MBF : \u00abNotre parti est ouvert \u00e0 tous, y compris  les d\u00e9put\u00e9s frondeurs de l\u2019UPC\u00bb"},"content":{"rendered":"<div class=\"td-post-featured-image\" readability=\"35\"><a href=\"https:\/\/i2.wp.com\/www.sidwaya.info\/wp-content\/uploads\/2019\/10\/mbf.gif?fit=700%2C504&#038;ssl=1\" data-caption=\"Pour le SG du secr\u00e9tariat ex\u00e9cutif national du MBF, Halhassane Sinar\u00e9, les Burkinab\u00e8 doivent taire leurs divergences pour mieux lutter contre le terrorisme.\"><img loading=\"lazy\" decoding=\"async\" width=\"696\" height=\"501\" class=\"entry-thumb td-modal-image\" src=\"https:\/\/i2.wp.com\/www.sidwaya.info\/wp-content\/uploads\/2019\/10\/mbf.gif?resize=696%2C501&#038;ssl=1\" alt=\"\" title=\"mbf\"\/><\/a>Pour le SG du secr\u00e9tariat ex\u00e9cutif national du MBF, Halhassane Sinar\u00e9, les Burkinab\u00e8 doivent taire leurs divergences pour mieux lutter contre le terrorisme.<\/div>\n<p><strong>Port\u00e9 sur les fonts baptismaux en mars dernier, le Mouvement pour un Burkina du Futur (MBF) a officiellement lanc\u00e9 ses activit\u00e9s, le samedi 28 septembre 2019. Dans cette interview, le secr\u00e9taire g\u00e9n\u00e9ral du jeune parti, Halhassane Sinar\u00e9, \u00e9voque les ambitions du nouveau-n\u00e9, tout en r\u00e9cusant les \u00ab rumeurs \u00bb qui attribuent la paternit\u00e9 du parti aux d\u00e9put\u00e9s \u00ab frondeurs \u00bb de l\u2019Union pour le progr\u00e8s et le changement (UPC).<\/strong><\/p>\n<p><strong>Sidwaya (S) : Pourquoi le Mouvement pour un Burkina du Futur (MBF), reconnu officiellement en janvier 2019, n\u2019a lanc\u00e9 ses activit\u00e9s qu\u2019en fin septembre ?<\/strong><\/p>\n<p><strong>Halhassane Sinar\u00e9 (H.S.) :<\/strong> Le MBF a effectivement \u00e9t\u00e9 reconnu le 8 mars 2019. Mais notre d\u00e9marche consistait \u00e0 consolider nos bases en mettant les structures en place dans les r\u00e9gions avant de faire le lancement sur le plan national. Et cela, pour \u00eatre s\u00fbr que ceux qui sont avec nous sont nos militants. Le lancement des activit\u00e9s, quoiqu\u2019un effet de mode, vise \u00e0 rassurer les populations et nos militants de notre existence officielle.<\/p>\n<p><strong>S : Quelle est votre repr\u00e9sentativit\u00e9 sur le territoire national ?<\/strong><\/p>\n<p><strong>H.S. :<\/strong> Sur le plan national, nous sommes d\u00e9j\u00e0 repr\u00e9sent\u00e9s dans une trentaine de provinces. Mais nous continuons \u00e0 nous implanter dans la mesure du possible, \u00e0 couvrir le territoire national. Parce qu\u2019\u00e9tant un jeune parti, il faut avoir des ambitions mesur\u00e9es.<\/p>\n<p><strong>S : Dans quel bord politique se trouve le MBF et quelle id\u00e9ologie d\u00e9fend-il ?<\/strong><\/p>\n<p><strong>H.S. :<\/strong> Le MBF a entrepris des d\u00e9marches pour rejoindre l\u2019Alliance pour la majorit\u00e9 pr\u00e9sidentielle (APMP). Nous sommes dans la grande mouvance id\u00e9ologique des partis progressistes. Mais en r\u00e9alit\u00e9, nous sommes plus proches de la social-d\u00e9mocratie.<\/p>\n<p><strong>S : Quelle est l\u2019offre politique du MBF aux Burkinab\u00e8 ?<\/strong><\/p>\n<p><strong>H.S. :<\/strong> Nous sommes en phase d\u2019\u00e9laboration de notre programme qui pr\u00e9sentera notre offre politique aux Burkinab\u00e8. D\u2019ores et d\u00e9j\u00e0, notre d\u00e9marche est de d\u00e9fendre la jeunesse et surtout les femmes, parce que cette frange de la soci\u00e9t\u00e9 est le fer de lance du pays. C\u2019est une pr\u00e9occupation transversale qui n\u00e9cessite une solution holistique, endog\u00e8ne puis exog\u00e8ne, parce que toutes les politiques dans les pays francophones, parlent de promotion de l\u2019\u00e9ducation des filles dans des plans de d\u00e9veloppement, le tout pilot\u00e9 par l\u2019ext\u00e9rieur. Nous devons travailler avec nos propres moyens d\u2019abord comme l\u2019a fait Sankara. L\u2019exemple du Faso dan fani est un mod\u00e8le de d\u00e9veloppement endog\u00e8ne, parce qu\u2019il est devenu un \u00e9l\u00e9ment de la culture burkinab\u00e8. Aujourd\u2019hui, face au terrorisme, il faut que nous d\u00e9veloppions des solutions endog\u00e8nes pour le combattre. Nous avons une comp\u00e9tence intellectuelle, \u00e0 travers des universitaires et chercheurs qui doivent travailler \u00e0 trouver des solutions pour nos populations. Et ces solutions passent par la r\u00e9forme de l\u2019\u00e9ducation. On ne peut pas bourrer les \u00e9l\u00e8ves du CP1 jusqu\u2019en 3e de connaissances plus ou moins inutiles, alors que notre propre histoire est m\u00e9connue. Il faut proposer des solutions qui puissent arranger davantage les femmes, car une femme \u00e9duqu\u00e9e est un plus pour le pays.<\/p>\n<p><strong>S : Depuis quelques mois, des rumeurs attribuent la paternit\u00e9 du parti aux d\u00e9put\u00e9s \u00ab frondeurs \u00bb de l\u2019UPC. Cette information est-elle fond\u00e9e ?<\/strong><\/p>\n<p><strong>H.S. :<\/strong> On peut tout dire. Les d\u00e9put\u00e9s de l\u2019UPC ne sont pas dans la trentaine de provinces o\u00f9 nous sommes repr\u00e9sent\u00e9s. Nous avons une base plus \u00e9largie que ce que certains pensent. C\u2019est un parti politique ouvert. Si nous avons des militants d\u2019un parti ou d\u2019un autre qui viennent nous rejoindre, cela va consolider toujours notre \u00e9lectorat. Notre parti est ouvert \u00e0 tous, y compris les d\u00e9put\u00e9s de l\u2019UPC que vous appelez frondeurs.<\/p>\n<p><strong>S : La pr\u00e9sidentielle de 2020 c\u2019est pour bient\u00f4t. Le MBF compte-t-il pr\u00e9senter un candidat ?<\/strong><\/p>\n<p><strong>H.S. :<\/strong> Au regard de notre appartenance prochaine \u00e0 l\u2019APMP, nous allons soutenir la candidature de l\u2019actuel chef de l\u2019Etat \u00e0 la prochaine \u00e9lection pr\u00e9sidentielle. Nous sommes un jeune parti avec des ambitions r\u00e9alistes. Il faut que nous mesurions nos forces sur le terrain avant d\u2019envisager le sommet de l\u2019Etat.<\/p>\n<p><strong>S : Le Burkina Faso subit depuis trois ans, des attaques terroristes. Quelles solutions le MBF propose-t-il pour juguler la menace ?<\/strong><\/p>\n<p><strong>H.S. :<\/strong> Le probl\u00e8me se pose au niveau intellectuel. Nous devons sortir hors de Ouagadougou qui ne refl\u00e8te pas la r\u00e9alit\u00e9 du Burkina parce que sur le terrain, il y a des images qui t\u00e9moignent de la souffrance des vaillantes populations, de telle sorte qu\u2019on se demande si nous sommes dans le m\u00eame pays au regard de certaines revendications exag\u00e9r\u00e9es. Avec les \u00e9v\u00e8nements de Yirgou, il y avait des pr\u00e9mices d\u2019exode des populations, alors que ces zones sont dans un rayon de 100 km de la capitale ; ce qui veut dire que Ouagadougou n\u2019est pas \u00e0 l\u2019abri. Nous devons vraiment faire une pause sur certaines revendications afin de combattre l\u2019ennemi commun.<\/p>\n<p><strong>S : La r\u00e9conciliation nationale est appel\u00e9e par les Burkinab\u00e8 de toutes leurs forces. Quel sc\u00e9nario serait l\u2019id\u00e9al selon votre parti ?<\/strong><\/p>\n<p><strong>H.S. :<\/strong> Je suis au service administratif du secr\u00e9tariat du Haut conseil pour la r\u00e9conciliation et l\u2019unit\u00e9 nationale (HCRUN). Au Burkina, chacun a sa d\u00e9finition de la r\u00e9conciliation nationale. Chacun tire la couverture en fonction de sa posture. Aujourd\u2019hui, il y a un pas qui est fait avec le dialogue politique qui avait \u00e9t\u00e9 organis\u00e9 par le chef de l\u2019Etat. C\u2019est une avanc\u00e9e ; mais cela n\u2019est pas suffisant, vu l\u2019\u00e9volution du contexte s\u00e9curitaire national. Il faut l\u2019\u00e9largir au-del\u00e0 des politiques. Nos populations vivent en parfaite harmonie. Mais en r\u00e9alit\u00e9, ce sont les politiques qui exacerbent la crise communautaire. Nous avons des comportements jusqu\u2019aux-boutistes ou maximalistes et chacun doit c\u00e9der une portion de son \u00e9go afin qu\u2019on puisse aller de l\u2019avant. Sans cette r\u00e9conciliation nationale, tout le monde sait qu\u2019il n\u2019y a pas d\u2019avenir. Le Burkina a test\u00e9 tous les syst\u00e8mes, bons comme mauvais.<br \/>Nous avons commenc\u00e9 par des coups d\u2019Etat, avant de revenir \u00e0 la d\u00e9mocratie, ensuite un coup d\u2019Etat, la d\u00e9mocratie, l\u2019insurrection, la Transition, un coup d\u2019Etat et de nouveau, la d\u00e9mocratie.<\/p>\n<p class=\"c1\">Interview r\u00e9alis\u00e9e par<br \/><strong>Jean-Marie TOE<\/strong><\/p>\n<div class=\"td-a-rec td-a-rec-id-content_bottom td_uid_30_5d9bb02258620_rand td_block_template_1\"><img loading=\"lazy\" decoding=\"async\" class=\"aligncenter size-full wp-image-9623\" src=\"https:\/\/www.sidwaya.info\/wp-content\/uploads\/2019\/06\/Projet-bannie%CC%80re-Orange-mobile.jpg\" alt=\"\" width=\"728\" height=\"81\"\/><\/div>\n<p>Auteur: JK. Sidwaya<br \/>\n<a href=\"https:\/\/www.sidwaya.info\/blog\/2019\/10\/07\/halhassane-sinare-secretaire-general-du-mbf-notre-parti-est-ouvert-a-tous-y-compris-les-deputes-frondeurs-de-lupc\/\">Cliquez ici pour lire l&rsquo;article depuis sa source.<\/a><\/p>\n","protected":false},"excerpt":{"rendered":"<p>Pour le SG du secr\u00e9tariat ex\u00e9cutif national du MBF, Halhassane Sinar\u00e9, les Burkinab\u00e8 doivent taire leurs divergences pour mieux lutter contre le terrorisme. Port\u00e9 sur les fonts baptismaux en mars dernier, le Mouvement pour un Burkina du Futur (MBF) a officiellement lanc\u00e9 ses activit\u00e9s, le samedi 28 septembre 2019. Dans cette interview, le secr\u00e9taire g\u00e9n\u00e9ral [&hellip;]<\/p>\n","protected":false},"author":1816,"featured_media":0,"comment_status":"closed","ping_status":"closed","sticky":false,"template":"","format":"standard","meta":{"fifu_image_url":"","fifu_image_alt":"","footnotes":""},"categories":[73,81],"tags":[],"class_list":["post-63662","post","type-post","status-publish","format-standard","hentry","category-actualite","category-burkina-faso"],"_links":{"self":[{"href":"https:\/\/linitiative.ca\/International\/wp-json\/wp\/v2\/posts\/63662","targetHints":{"allow":["GET"]}}],"collection":[{"href":"https:\/\/linitiative.ca\/International\/wp-json\/wp\/v2\/posts"}],"about":[{"href":"https:\/\/linitiative.ca\/International\/wp-json\/wp\/v2\/types\/post"}],"author":[{"embeddable":true,"href":"https:\/\/linitiative.ca\/International\/wp-json\/wp\/v2\/users\/1816"}],"replies":[{"embeddable":true,"href":"https:\/\/linitiative.ca\/International\/wp-json\/wp\/v2\/comments?post=63662"}],"version-history":[{"count":0,"href":"https:\/\/linitiative.ca\/International\/wp-json\/wp\/v2\/posts\/63662\/revisions"}],"wp:attachment":[{"href":"https:\/\/linitiative.ca\/International\/wp-json\/wp\/v2\/media?parent=63662"}],"wp:term":[{"taxonomy":"category","embeddable":true,"href":"https:\/\/linitiative.ca\/International\/wp-json\/wp\/v2\/categories?post=63662"},{"taxonomy":"post_tag","embeddable":true,"href":"https:\/\/linitiative.ca\/International\/wp-json\/wp\/v2\/tags?post=63662"}],"curies":[{"name":"wp","href":"https:\/\/api.w.org\/{rel}","templated":true}]}}