{"id":63664,"date":"2019-10-07T17:18:09","date_gmt":"2019-10-07T21:18:09","guid":{"rendered":"https:\/\/linitiative.ca\/International\/credits-aux-pme-ivoiriennes-letat-veut-renoncer-a-la-taxe-sur-les-operations-bancaires\/"},"modified":"2019-10-07T17:18:09","modified_gmt":"2019-10-07T21:18:09","slug":"credits-aux-pme-ivoiriennes-letat-veut-renoncer-a-la-taxe-sur-les-operations-bancaires","status":"publish","type":"post","link":"https:\/\/linitiative.ca\/International\/credits-aux-pme-ivoiriennes-letat-veut-renoncer-a-la-taxe-sur-les-operations-bancaires\/","title":{"rendered":"Cr\u00e9dits aux PME ivoiriennes: l\u2019Etat veut renoncer \u00e0 la taxe sur les op\u00e9rations bancaires"},"content":{"rendered":"<div readability=\"32\">\n<p>Publi\u00e9 le 07.10.2019 \u00e0 22h18 par APA News<\/p>\n<\/div>\n<div readability=\"69\">\n<p>Le gouvernement ivoirien qui veut faciliter l\u2019acc\u00e8s des Petites et moyennes entreprises (PME) aux cr\u00e9dits, envisage de renoncer \u00e0 la Taxe sur les op\u00e9rations bancaires, afin de baisser le taux de cr\u00e9dit et soutenir l\u2019investissement priv\u00e9.\u00a0L\u2019Etat veut \u00ab faire l\u2019\u00e9conomie \u00bb de la Taxe sur les op\u00e9rations bancaires pour permettre aux PME d\u2019avoir acc\u00e8s aux cr\u00e9dits, a indiqu\u00e9 lundi \u00e0 Abidjan le ministre aupr\u00e8s du Premier ministre, en charge du Budget et du portefeuille de l\u2019Etat, Moussa Sanogo \u00e0 l\u2019occasion de la 4\u00e8 \u00e9dition de la Journ\u00e9e nationale du partenariat Etat\/Secteur priv\u00e9.<\/p>\n<p>Il a fait savoir que cette mesure d\u2019accompagnement est en \u00e9tude et devrait \u00eatre soumise au Parlement. \u00a0La question du financement des PME en C\u00f4te d\u2019Ivoire demeure une probl\u00e9matique.<\/p>\n<p>L\u2019octroi de cr\u00e9dits \u00e0 ces entit\u00e9s est d\u00e9licat pour plusieurs facteurs, entre autres, les risques li\u00e9s \u00e0 la rentabilit\u00e9 des projets, au business plan et \u00e0 l\u2019expertise des entrepreneurs. \u00a0\u00a0<\/p>\n<p>Les banques et \u00e9tablissements financiers reprochent notamment aux PME de ne pas avoir une lisibilit\u00e9 et une tra\u00e7abilit\u00e9 dans leurs comptes d\u2019exploitation permettant l\u2019octroi de cr\u00e9dits. Ils d\u00e9noncent en outre une asym\u00e9trie d\u2019information dans les rapports avec les entreprises. \u00a0<\/p>\n<p>La Finance s\u2019engage, soutenue par le Patronat ivoirien, a \u00e9t\u00e9 impuls\u00e9e ces derni\u00e8res ann\u00e9es comme une solution alternative et innovante pour accompagner les PME dans leur croissance. Dans cet \u00e9lan, les banques et les institutions financi\u00e8res s\u2019engagent \u00e0 accompagner les PME. \u00a0<\/p>\n<p>L\u2019Etat ivoirien, conscient du r\u00f4le catalyseur du secteur priv\u00e9 dans la croissance \u00e9conomique, veut l\u2019amener \u00e0 jouer pleinement sa partition. En C\u00f4te d\u2019Ivoire, les PME repr\u00e9sentent plus de 98% du tissu des entreprises formellement constitu\u00e9es et contribuent pour 20% au Produit int\u00e9rieur brut (PIB).\u00a0<\/p>\n<\/div>\n<p>Auteur: APA News<br \/>\n<a href=\"https:\/\/www.journalducameroun.com\/credits-aux-pme-ivoiriennes-letat-veut-renoncer-a-la-taxe-sur-les-operations-bancaires\/\">Cliquez ici pour lire l&rsquo;article depuis sa source.<\/a><\/p>\n","protected":false},"excerpt":{"rendered":"<p>Publi\u00e9 le 07.10.2019 \u00e0 22h18 par APA News Le gouvernement ivoirien qui veut faciliter l\u2019acc\u00e8s des Petites et moyennes entreprises (PME) aux cr\u00e9dits, envisage de renoncer \u00e0 la Taxe sur les op\u00e9rations bancaires, afin de baisser le taux de cr\u00e9dit et soutenir l\u2019investissement priv\u00e9.\u00a0L\u2019Etat veut \u00ab faire l\u2019\u00e9conomie \u00bb de la Taxe sur les op\u00e9rations [&hellip;]<\/p>\n","protected":false},"author":1965,"featured_media":0,"comment_status":"closed","ping_status":"closed","sticky":false,"template":"","format":"standard","meta":{"fifu_image_url":"","fifu_image_alt":"","footnotes":""},"categories":[73,82],"tags":[],"class_list":["post-63664","post","type-post","status-publish","format-standard","hentry","category-actualite","category-cameroun"],"_links":{"self":[{"href":"https:\/\/linitiative.ca\/International\/wp-json\/wp\/v2\/posts\/63664","targetHints":{"allow":["GET"]}}],"collection":[{"href":"https:\/\/linitiative.ca\/International\/wp-json\/wp\/v2\/posts"}],"about":[{"href":"https:\/\/linitiative.ca\/International\/wp-json\/wp\/v2\/types\/post"}],"author":[{"embeddable":true,"href":"https:\/\/linitiative.ca\/International\/wp-json\/wp\/v2\/users\/1965"}],"replies":[{"embeddable":true,"href":"https:\/\/linitiative.ca\/International\/wp-json\/wp\/v2\/comments?post=63664"}],"version-history":[{"count":0,"href":"https:\/\/linitiative.ca\/International\/wp-json\/wp\/v2\/posts\/63664\/revisions"}],"wp:attachment":[{"href":"https:\/\/linitiative.ca\/International\/wp-json\/wp\/v2\/media?parent=63664"}],"wp:term":[{"taxonomy":"category","embeddable":true,"href":"https:\/\/linitiative.ca\/International\/wp-json\/wp\/v2\/categories?post=63664"},{"taxonomy":"post_tag","embeddable":true,"href":"https:\/\/linitiative.ca\/International\/wp-json\/wp\/v2\/tags?post=63664"}],"curies":[{"name":"wp","href":"https:\/\/api.w.org\/{rel}","templated":true}]}}