{"id":63665,"date":"2019-10-07T17:50:02","date_gmt":"2019-10-07T21:50:02","guid":{"rendered":"https:\/\/linitiative.ca\/International\/extinction-rebellion-les-militants-sappretent-a-passer-la-nuit-au-centre-de-paris\/"},"modified":"2019-10-07T17:50:02","modified_gmt":"2019-10-07T21:50:02","slug":"extinction-rebellion-les-militants-sappretent-a-passer-la-nuit-au-centre-de-paris","status":"publish","type":"post","link":"https:\/\/linitiative.ca\/International\/extinction-rebellion-les-militants-sappretent-a-passer-la-nuit-au-centre-de-paris\/","title":{"rendered":"Extinction Rebellion: les militants s\u2019appr\u00eatent \u00e0 passer la nuit au centre de Paris"},"content":{"rendered":"<div readability=\"32\">\n<p>Publi\u00e9 le 07.10.2019 \u00e0 22h50 par AFP<\/p>\n<\/div>\n<div readability=\"130\">\n<p>Les quelques centaines de militants et sympathisants du mouvement \u00e9cologiste Extinction Rebellion (XR) qui occupent depuis lundi apr\u00e8s-midi un quai et un pont de la Seine, au centre de Paris, ont commenc\u00e9 \u00e0 s\u2019y installer pour la nuit, apr\u00e8s avoir notamment d\u00e9ploy\u00e9 des tentes, ont constat\u00e9 des journalistes de l\u2019AFP.<\/p>\n<p>Dans une ambiance bon enfant, les activistes occupent le quai de la M\u00e9gisserie, la place du Ch\u00e2telet et le pont au Change qui m\u00e8ne \u00e0 l\u2019\u00eele de la Cit\u00e9.<\/p>\n<p>A quelques centaines de m\u00e8tres: la pr\u00e9fecture de Police de Paris, o\u00f9 doit se tenir mardi matin une c\u00e9r\u00e9monie en hommage aux victimes de la tuerie de la semaine derni\u00e8re dans ces m\u00eames locaux, en pr\u00e9sence d\u2019Emmanuel Macron.<\/p>\n<p>\u00ab\u00a0Ici on se rebelle\u00a0\u00bb, \u00ab\u00a0Ici on joue\u00a0\u00bb, peut-on lire sur des banderoles d\u00e9roul\u00e9es sur le pont, o\u00f9 tr\u00f4ne \u00e9galement un bateau bleu sur roues aux voiles frapp\u00e9es du logo reconnaissable de XR, un sablier stylis\u00e9 \u00e0 l\u2019int\u00e9rieur d\u2019un cercle.<\/p>\n<p>\u00ab\u00a0Il faut qu\u2019on se l\u00e8ve partout dans le monde pour faire changer les choses\u00a0\u00bb, a d\u00e9clar\u00e9 \u00e0 l\u2019AFP Aurore, 27 ans. \u00ab\u00a0Nos gouvernements ne font rien, ou ils mentent\u00a0\u00bb, a-t-elle ajout\u00e9.<\/p>\n<p>Depuis leur arriv\u00e9e en milieu d\u2019apr\u00e8s-midi, les militants ont multipli\u00e9 les prises de parole, annon\u00e7ant leur intention de rester sur place jusqu\u2019\u00e0 mercredi. Plusieurs cordons de policiers ont pris place aux abords du rassemblement.<\/p>\n<p>\u00ab\u00a0Notre syst\u00e8me \u00e9conomique exploite le vivant, \u00e9crase les minorit\u00e9s et emporte dans sa chute notre avenir commun. Face \u00e0 ce d\u00e9sastre, il est de notre devoir de r\u00e9sister\u00a0\u00bb, insiste le mouvement sur son compte Twitter qui appelle depuis le d\u00e9but de l\u2019action ses sympathisants \u00e0 les rejoindre au Ch\u00e2telet.<\/p>\n<p>Les \u00ab\u00a0anges gardiens\u00a0\u00bb, en veste orange du mouvement et charg\u00e9s de maintenir le calme, ont pris place \u00e0 plusieurs reprises entre les manifestants assis par terre et les forces de l\u2019ordre qui bloquent notamment l\u2019acc\u00e8s au boulevard du Palais de justice.<\/p>\n<p>Des \u00ab\u00a0rebelles\u00a0\u00bb embarqu\u00e9s sur un bateau h\u00e9riss\u00e9s de drapeau du mouvement, verts et rouges, ont navigu\u00e9 sur la Seine entre le Ch\u00e2telet et la Tour Eiffel.<\/p>\n<p>Ayant pr\u00e9vu de passer la nuit sur place, les militants de XR, qui pr\u00f4nent la d\u00e9sob\u00e9issance civile et la non violence, ont \u00e9galement install\u00e9 et des toilettes s\u00e8ches. Ils tiennent leur \u00ab\u00a0assembl\u00e9e citoyenne\u00a0\u00bb sur des bottes de paille.<\/p>\n<p>Mais en anticipation d\u2019une possible intervention des forces de l\u2019ordre, certains d\u2019entre eux, par petits groupes de 4 ou 5, se tiennent par la main en ayant pass\u00e9 leur bras \u00e0 travers des tuyaux en plastique, pour rendre plus difficile une \u00e9vacuation.<\/p>\n<p>En juin, lors d\u2019une action de blocage d\u2019un autre pont \u00e0 Paris, des membres de XR avaient \u00e9t\u00e9 d\u00e9log\u00e9s par les forces de l\u2019ordre avec notamment l\u2019utilisation \u00e0 bout portant de gaz lacrymog\u00e8nes. Les images, abondamment partag\u00e9es et critiqu\u00e9es sur les r\u00e9seaux sociaux, avaient conduit \u00e0 l\u2019ouverture d\u2019une enqu\u00eate.<\/p>\n<p>Samedi soir, les autorit\u00e9s avaient \u00e9galement tent\u00e9 de d\u00e9loger les militants d\u2019Extinction Rebellion qui avaient investi plusieurs heures auparavant le centre commercial Italie 2.<\/p>\n<p>Elles avaient finalement renonc\u00e9, avant que les manifestants ne quittent les lieux dimanche aux aurores apr\u00e8s 17 heures d\u2019occupation.<\/p>\n<p>Extinction Rebellion, tout jeune mouvement n\u00e9 il y a un an au Royaume-Uni, a commenc\u00e9 \u00e0 mener depuis lundi des actions coup de poing dans 60 villes du monde, notamment Londres, o\u00f9 les militants veulent bloquer le centre ville pendant deux semaines.<\/p>\n<\/div>\n<p>Auteur: AFP<br \/>\n<a href=\"https:\/\/www.journalducameroun.com\/extinction-rebellion-les-militants-sappretent-a-passer-la-nuit-au-centre-de-paris\/\">Cliquez ici pour lire l&rsquo;article depuis sa source.<\/a><\/p>\n","protected":false},"excerpt":{"rendered":"<p>Publi\u00e9 le 07.10.2019 \u00e0 22h50 par AFP Les quelques centaines de militants et sympathisants du mouvement \u00e9cologiste Extinction Rebellion (XR) qui occupent depuis lundi apr\u00e8s-midi un quai et un pont de la Seine, au centre de Paris, ont commenc\u00e9 \u00e0 s\u2019y installer pour la nuit, apr\u00e8s avoir notamment d\u00e9ploy\u00e9 des tentes, ont constat\u00e9 des journalistes [&hellip;]<\/p>\n","protected":false},"author":1965,"featured_media":0,"comment_status":"closed","ping_status":"closed","sticky":false,"template":"","format":"standard","meta":{"fifu_image_url":"","fifu_image_alt":"","footnotes":""},"categories":[73,82],"tags":[],"class_list":["post-63665","post","type-post","status-publish","format-standard","hentry","category-actualite","category-cameroun"],"_links":{"self":[{"href":"https:\/\/linitiative.ca\/International\/wp-json\/wp\/v2\/posts\/63665","targetHints":{"allow":["GET"]}}],"collection":[{"href":"https:\/\/linitiative.ca\/International\/wp-json\/wp\/v2\/posts"}],"about":[{"href":"https:\/\/linitiative.ca\/International\/wp-json\/wp\/v2\/types\/post"}],"author":[{"embeddable":true,"href":"https:\/\/linitiative.ca\/International\/wp-json\/wp\/v2\/users\/1965"}],"replies":[{"embeddable":true,"href":"https:\/\/linitiative.ca\/International\/wp-json\/wp\/v2\/comments?post=63665"}],"version-history":[{"count":0,"href":"https:\/\/linitiative.ca\/International\/wp-json\/wp\/v2\/posts\/63665\/revisions"}],"wp:attachment":[{"href":"https:\/\/linitiative.ca\/International\/wp-json\/wp\/v2\/media?parent=63665"}],"wp:term":[{"taxonomy":"category","embeddable":true,"href":"https:\/\/linitiative.ca\/International\/wp-json\/wp\/v2\/categories?post=63665"},{"taxonomy":"post_tag","embeddable":true,"href":"https:\/\/linitiative.ca\/International\/wp-json\/wp\/v2\/tags?post=63665"}],"curies":[{"name":"wp","href":"https:\/\/api.w.org\/{rel}","templated":true}]}}