{"id":63666,"date":"2019-10-07T17:50:03","date_gmt":"2019-10-07T21:50:03","guid":{"rendered":"https:\/\/linitiative.ca\/International\/irrealiste-ou-pragmatique-letat-relance-lidee-des-quotas-dimmigration\/"},"modified":"2019-10-07T17:50:03","modified_gmt":"2019-10-07T21:50:03","slug":"irrealiste-ou-pragmatique-letat-relance-lidee-des-quotas-dimmigration","status":"publish","type":"post","link":"https:\/\/linitiative.ca\/International\/irrealiste-ou-pragmatique-letat-relance-lidee-des-quotas-dimmigration\/","title":{"rendered":"\u00ab\u00a0Irr\u00e9aliste\u00a0\u00bb ou \u00ab\u00a0pragmatique\u00a0\u00bb ? L\u2019Etat relance l\u2019id\u00e9e des \u00ab\u00a0quotas\u00a0\u00bb d\u2019immigration"},"content":{"rendered":"<div readability=\"32\">\n<p>Publi\u00e9 le 07.10.2019 \u00e0 22h50 par AFP<\/p>\n<\/div>\n<div readability=\"157\">\n<p>\u00ab\u00a0Irr\u00e9aliste\u00a0\u00bb et \u00ab\u00a0inapplicable\u00a0\u00bb selon l\u2019opposition, potentiellement \u00ab\u00a0contre-productif\u00a0\u00bb pour les experts: l\u2019annonce d\u2019\u00c9douard Philippe, qui a affirm\u00e9 lundi lors du d\u00e9bat sur l\u2019immigration que le gouvernement se penchait sur \u00ab\u00a0l\u2019id\u00e9e de quotas\u00a0\u00bb, antienne de la droite, a \u00e9tonn\u00e9 au-del\u00e0 de l\u2019h\u00e9micycle.<\/p>\n<p>Le th\u00e8me avait \u00e9t\u00e9 \u00e9bauch\u00e9 \u00e0 demi-mots par Emmanuel Macron en d\u00e9but d\u2019ann\u00e9e, dans sa lettre du 13 janvier en pleine crise des \u00ab\u00a0gilets jaunes\u00a0\u00bb: il parlait alors d&rsquo;\u00a0\u00bbobjectif annuels\u00a0\u00bb. Lundi, \u00e0 l\u2019Assembl\u00e9e nationale, son Premier ministre a \u00e9t\u00e9 plus direct: \u00ab\u00a0Je n\u2019ai pas peur de r\u00e9fl\u00e9chir \u00e0 l\u2019id\u00e9e de quotas\u00a0\u00bb, a-t-il lanc\u00e9 aux parlementaires lors de son discours d\u2019ouverture de ce d\u00e9bat voulu par M. Macron.<\/p>\n<p>L\u2019id\u00e9e divisait depuis plusieurs semaines au sein m\u00eame du gouvernement.<\/p>\n<p>\u00ab\u00a0S\u2019agissant de l\u2019immigration professionnelle\u00a0\u00bb, il faut \u00ab\u00a0avoir une approche pragmatique en relation avec nos besoins de main d\u2019\u0153uvre\u00a0\u00bb, a d\u00e9clar\u00e9 lundi \u00c9douard Philippe, en r\u00e9f\u00e9rence \u00e0 une cat\u00e9gorie de migration qui concerne pr\u00e8s de 34.000 personnes en France.<\/p>\n<p>\u00ab\u00a0Et s\u2019il fallait piloter par objectifs quantitatifs notre immigration en mati\u00e8re professionnelle\u00a0\u00bb, a-t-il poursuivi, \u00ab\u00a0il faudrait s\u2019interroger sur l\u2019int\u00e9r\u00eat de quotas par nationalit\u00e9s ou par secteurs professionnels\u00a0\u00bb.<\/p>\n<p>\u00ab\u00a0C\u2019est un peu \u00e9tonnant\u00a0\u00bb, avoue Jean-Christophe Dumont, chef de la division Migrations internationales de l\u2019OCDE, particuli\u00e8rement troubl\u00e9 par l\u2019\u00e9ventualit\u00e9 d\u2019une cat\u00e9gorisation par nationalit\u00e9.<\/p>\n<p>Sur les quelques milliers d\u2019immigr\u00e9s professionnels, la moiti\u00e9 est compos\u00e9e de personnes r\u00e9gularis\u00e9es par le travail (environ 8.000) ou pr\u00e9sentes sur le territoire au titre du passeport talent (plus de 8.000).<\/p>\n<p>\u00ab\u00a0\u00c7a pourrait m\u00eame \u00eatre contre-productif, car cela risque d\u2019introduire des rigidit\u00e9s dans le syst\u00e8me. Et si on veut saucissonner les milliers restant en 10 secteurs d\u2019activit\u00e9 par exemple, il ne reste plus rien du tout\u00a0\u00bb, affirme-t-il.<\/p>\n<p>\u00ab\u00a0La modernisation des instruments de pilotage de l\u2019immigration \u00e9conomique est n\u00e9cessaire, mais on fait grand cas d\u2019un tout petit chiffre\u00a0\u00bb, estime M. Dumont.<\/p>\n<p>\u2013 \u00ab\u00a0Inspiration Nicolas Sarkozy\u00a0\u00bb \u2013<\/p>\n<p>Si \u00c9douard Philippe a reconnu, dans son discours, que \u00ab\u00a0les quotas ne peuvent pas s\u2019appliquer \u00e0 l\u2019asile, ni \u00e0 l\u2019immigration familiale\u00a0\u00bb, domaines sanctuaris\u00e9s par des textes europ\u00e9ens, il a toutefois soulign\u00e9 que cette derni\u00e8re cat\u00e9gorie familiale \u00ab\u00a0ne saurait \u00e9chapper \u00e0 toute ma\u00eetrise\u00a0\u00bb: \u00ab\u00a0Il faut lutter contre les abus et les fraudes, et resserrer les crit\u00e8res l\u00e0 o\u00f9 cela s\u2019impose\u00a0\u00bb.<\/p>\n<p>Le Premier ministre a ainsi ouvert la voie \u00e0 un durcissement de cette voie d\u2019entr\u00e9e en France qui a concern\u00e9 quelque 90.000 personnes en 2018, et dont le regroupement familial ne constitue qu\u2019une sous-partie repr\u00e9sentant quelque 12.000 conjoints et enfants d\u2019\u00e9trangers.<\/p>\n<p>Plus de la moiti\u00e9 de l\u2019immigration familiale est constitu\u00e9e par des familles de Fran\u00e7ais qui les font venir sur le territoire, tandis que le reste est principalement issu du regroupement familial de ressortissants de l\u2019Union europ\u00e9enne.<\/p>\n<p>\u00ab\u00a0\u00c9videmment, il ne faut pas que cette voie l\u00e9gale soit abus\u00e9e, mais on parle d\u2019un tout petit nombre de personnes\u00a0\u00bb, affirme l\u2019\u00e9conomiste.<\/p>\n<p>Si certaines marges de man\u0153uvres existent bien, \u00ab\u00a0car la France n\u2019est pas au maximum des crit\u00e8res europ\u00e9ens et pourrait encore resserrer la vis\u00a0\u00bb notamment en retardant le regroupement, cela pourrait rendre plus difficile l\u2019int\u00e9gration, pr\u00e9vient-il. D\u2019autant que, dit-il, \u00ab\u00a0en r\u00e9alit\u00e9, le regroupement prend d\u00e9j\u00e0 4 ans en moyenne\u00a0\u00bb, soit bien plus que la limite du d\u00e9lai maximum europ\u00e9en.<\/p>\n<p>\u00ab\u00a0Les quotas, le rapport Mazeaud disait d\u00e9j\u00e0 (\u2026) que c\u2019\u00e9tait infaisable, irr\u00e9aliste et que cela risquait de cr\u00e9er des situations de rupture d\u2019\u00e9galit\u00e9. (\u2026) Je ne vois pas par quelle recette magique le gouvernement pourrait requalifier\u00a0\u00bb cette mesure, a balay\u00e9 Boris Vallaud (PS), \u00e0 l\u2019Assembl\u00e9e.<\/p>\n<p>Dans son rapport, Pierre Mazeaud avait en effet, en 2008 en tant que pr\u00e9sident d\u2019une commission charg\u00e9e d\u2019un rapport sur l\u2019immigration, \u00e9cart\u00e9 l\u2019id\u00e9e de quotas d\u2019immigration, estimant par exemple \u00ab\u00a0que ce dispositif n\u2019est pas utile \u00e0 la ma\u00eetrise des flux de l\u2019immigration professionnelle (\u2026) et impossible \u00e0 r\u00e9aliser, d\u2019un point de vue constitutionnel et conventionnel, pour l\u2019immigration familiale\u00a0\u00bb.<\/p>\n<p>\u00ab\u00a0On voit bien que l\u2019inspiration est Nicolas Sarkozy\u00a0\u00bb, a pour sa part fustig\u00e9 Olivier Faure, premier secr\u00e9taire du PS. \u00a0\u00bb<\/p>\n<p>Mais m\u00eame \u00c9ric Ciotti (LR) n\u2019a pas go\u00fbt\u00e9 l\u2019id\u00e9e: \u00ab\u00a0C\u2019est facile de dire +les quotas ne sont pas tabous+. Mais qu\u2019est-ce que \u00e7a veut dire ? Quel est le calendrier ? O\u00f9 est la loi et le vote devant le Parlement ?\u00a0\u00bb<\/p>\n<\/div>\n<p>Auteur: AFP<br \/>\n<a href=\"https:\/\/www.journalducameroun.com\/irrealiste-ou-pragmatique-letat-relance-lidee-des-quotas-dimmigration\/\">Cliquez ici pour lire l&rsquo;article depuis sa source.<\/a><\/p>\n","protected":false},"excerpt":{"rendered":"<p>Publi\u00e9 le 07.10.2019 \u00e0 22h50 par AFP \u00ab\u00a0Irr\u00e9aliste\u00a0\u00bb et \u00ab\u00a0inapplicable\u00a0\u00bb selon l\u2019opposition, potentiellement \u00ab\u00a0contre-productif\u00a0\u00bb pour les experts: l\u2019annonce d\u2019\u00c9douard Philippe, qui a affirm\u00e9 lundi lors du d\u00e9bat sur l\u2019immigration que le gouvernement se penchait sur \u00ab\u00a0l\u2019id\u00e9e de quotas\u00a0\u00bb, antienne de la droite, a \u00e9tonn\u00e9 au-del\u00e0 de l\u2019h\u00e9micycle. Le th\u00e8me avait \u00e9t\u00e9 \u00e9bauch\u00e9 \u00e0 demi-mots par [&hellip;]<\/p>\n","protected":false},"author":1965,"featured_media":0,"comment_status":"closed","ping_status":"closed","sticky":false,"template":"","format":"standard","meta":{"fifu_image_url":"","fifu_image_alt":"","footnotes":""},"categories":[73,82],"tags":[],"class_list":["post-63666","post","type-post","status-publish","format-standard","hentry","category-actualite","category-cameroun"],"_links":{"self":[{"href":"https:\/\/linitiative.ca\/International\/wp-json\/wp\/v2\/posts\/63666","targetHints":{"allow":["GET"]}}],"collection":[{"href":"https:\/\/linitiative.ca\/International\/wp-json\/wp\/v2\/posts"}],"about":[{"href":"https:\/\/linitiative.ca\/International\/wp-json\/wp\/v2\/types\/post"}],"author":[{"embeddable":true,"href":"https:\/\/linitiative.ca\/International\/wp-json\/wp\/v2\/users\/1965"}],"replies":[{"embeddable":true,"href":"https:\/\/linitiative.ca\/International\/wp-json\/wp\/v2\/comments?post=63666"}],"version-history":[{"count":0,"href":"https:\/\/linitiative.ca\/International\/wp-json\/wp\/v2\/posts\/63666\/revisions"}],"wp:attachment":[{"href":"https:\/\/linitiative.ca\/International\/wp-json\/wp\/v2\/media?parent=63666"}],"wp:term":[{"taxonomy":"category","embeddable":true,"href":"https:\/\/linitiative.ca\/International\/wp-json\/wp\/v2\/categories?post=63666"},{"taxonomy":"post_tag","embeddable":true,"href":"https:\/\/linitiative.ca\/International\/wp-json\/wp\/v2\/tags?post=63666"}],"curies":[{"name":"wp","href":"https:\/\/api.w.org\/{rel}","templated":true}]}}