{"id":63670,"date":"2019-10-07T11:42:09","date_gmt":"2019-10-07T15:42:09","guid":{"rendered":"https:\/\/linitiative.ca\/International\/le-port-de-douala-recrute-87-personnels-pour-renforcer-ses-capacites-de-dragage\/"},"modified":"2019-10-07T11:42:09","modified_gmt":"2019-10-07T15:42:09","slug":"le-port-de-douala-recrute-87-personnels-pour-renforcer-ses-capacites-de-dragage","status":"publish","type":"post","link":"https:\/\/linitiative.ca\/International\/le-port-de-douala-recrute-87-personnels-pour-renforcer-ses-capacites-de-dragage\/","title":{"rendered":"Le port de Douala recrute 87 personnels pour renforcer ses capacit\u00e9s de dragage"},"content":{"rendered":"<div class=\"featured-area featured-area-inner\"><img loading=\"lazy\" decoding=\"async\" width=\"780\" height=\"405\" src=\"https:\/\/i1.wp.com\/ecomatin.net\/wp-content\/uploads\/2019\/10\/ecomatin.net-le-port-de-douala-recrute-87-personnels-pour-renforcer-ses-capacites-de-dragage-dragage-port-de-douala.jpg?resize=780%2C405&#038;ssl=1&#038;is-pending-load=1\" class=\"attachment-jannah-image-post size-jannah-image-post wp-post-image jetpack-lazy-image\" alt=\"\" data-attachment-id=\"12527\" data-permalink=\"https:\/\/ecomatin.net\/le-port-de-douala-recrute-87-personnels-pour-renforcer-ses-capacites-de-dragage\/dragage-port-de-douala\/\" data-orig-file=\"https:\/\/i1.wp.com\/ecomatin.net\/wp-content\/uploads\/2019\/10\/ecomatin.net-le-port-de-douala-recrute-87-personnels-pour-renforcer-ses-capacites-de-dragage-dragage-port-de-douala.jpg?fit=800%2C450&#038;ssl=1\" data-orig-size=\"800,450\" data-comments-opened=\"0\" data-image-meta=\"{\"aperture\":\"0\",\"credit\":\"\",\"camera\":\"\",\"caption\":\"\",\"created_timestamp\":\"0\",\"copyright\":\"\",\"focal_length\":\"0\",\"iso\":\"0\",\"shutter_speed\":\"0\",\"title\":\"\",\"orientation\":\"0\"}\" data-image-title=\"dragage port de douala\" data-image-description=\"\" data-medium-file=\"https:\/\/i1.wp.com\/ecomatin.net\/wp-content\/uploads\/2019\/10\/ecomatin.net-le-port-de-douala-recrute-87-personnels-pour-renforcer-ses-capacites-de-dragage-dragage-port-de-douala.jpg?fit=300%2C169&#038;ssl=1\" data-large-file=\"https:\/\/i1.wp.com\/ecomatin.net\/wp-content\/uploads\/2019\/10\/ecomatin.net-le-port-de-douala-recrute-87-personnels-pour-renforcer-ses-capacites-de-dragage-dragage-port-de-douala.jpg?fit=800%2C450&#038;ssl=1\" srcset=\"data:image\/gif;base64,R0lGODlhAQABAIAAAAAAAP\/\/\/yH5BAEAAAAALAAAAAABAAEAAAIBRAA7\"\/><\/div>\n<div class=\"entry-content entry clearfix\" readability=\"66\">\n<p>Quelques jours apr\u00e8s avoir lanc\u00e9 le recrutement d\u2019un directeur et son adjoint \u00e0 la t\u00eate de la R\u00e9gie d\u00e9l\u00e9gu\u00e9e du port de Douala-Bonab\u00e9ri, les responsables de cette infrastructure portuaire viennent de lancer celui de 87 personnels. Selon le communiqu\u00e9 de <strong>Cyrus Ngo\u2019o<\/strong>, directeur g\u00e9n\u00e9ral du <strong>Port autonome de Douala<\/strong> (<strong>PAD<\/strong>), l\u2019entreprise recherche <strong>57 employ\u00e9s<\/strong> pour le personnel marin, et <strong>30<\/strong> comme personnel non marin, en vue d\u2019assurer la gestion de la r\u00e9gie dans divers domaines.<\/p>\n<p>Pour ce qui est du <strong>personnel marin<\/strong>, le PAD recherche <strong>6 officiers<\/strong>, essentiellement titulaires de la marine marchande de 2<sup>e<\/sup> classe\u00a0; ou du brevet de capitaine de 1<sup>\u00e8re<\/sup> classe avec une exp\u00e9rience professionnelle d\u2019au moins quatre ans et avoir pass\u00e9 au moins deux ann\u00e9es de navigation en continu. Les <strong>8<\/strong> postes d\u2019<strong>officier machine<\/strong> sont r\u00e9serv\u00e9s aux Camerounais titulaires d\u2019un brevet de chef de quart ou d\u2019un brevet de chef m\u00e9canicien 1<sup>\u00e8re<\/sup> et 2<sup>e<\/sup> classe.\u00a0 <strong>25<\/strong> places sont ouvertes aux <strong>matelots<\/strong> de ponts et matelots de machine, quatre pour les <strong>\u00e9lectriciens<\/strong> et \u00e9lectrotechniciens, dix aux <strong>op\u00e9rateurs<\/strong> tandis que quatre places sont pr\u00e9vues pour les <strong>hydrographes.<\/strong><\/p>\n<p>Ce recrutement sera compl\u00e9t\u00e9 par un enr\u00f4lement de personnel <strong>non marin<\/strong> constitu\u00e9 de huit personnes dans la section <strong>ing\u00e9nierie,<\/strong> quatre personnes dans la section <strong>qualit\u00e9-hygi\u00e8ne-s\u00e9curit\u00e9-environnement<\/strong>. Tandis que l\u2019<strong>administration<\/strong> offre 4 places, le m\u00eame nombre que pour la section <strong>facturation<\/strong> et <strong>marketing<\/strong>. La <strong>comptabilit\u00e9<\/strong> et les <strong>finances<\/strong> attendent un recrutement de six personnes, alors qu\u2019il est pr\u00e9vu quatre places pour l\u2019<strong>h\u00f4tellerie<\/strong> et la <strong>restauration<\/strong>.<\/p>\n<p>Ce nouveau recrutement lanc\u00e9 par le PAD rentre dans le cadre du processus d\u2019autonomisation du dragage du chenal d\u2019acc\u00e8s au port, des darses et des pieds de quais, qui a pouss\u00e9 \u00e0 la cr\u00e9ation de la <strong>R\u00e9gie du dragage du port de Douala-Bonab\u00e9ri<\/strong>. La structure a pour missions principales de r\u00e9duire de mani\u00e8re drastique les co\u00fbts d\u2019exploitation du port, mais aussi de r\u00e9tablir le plein contr\u00f4le du PAD sur l\u2019entretien du <strong>chenal<\/strong>, principale voie d\u2019acc\u00e8s des biens de consommation et d\u2019\u00e9vacuation de la production nationale.<\/p>\n<div class=\"about-author about-author-box container-wrapper\">\n<div class=\"author-avatar\">\n<p><img decoding=\"async\" src=\"http:\/\/\" alt=\"\"\/><\/p>\n<\/div>\n<p><h4>La R\u00e9daction EcoMatin<\/h4>\n<\/p>\n<\/div>\n<div class=\"awac-wrapper awac widget blog_subscription-2\">\n<h4 class=\"widget-title\">Abonnez-vous \u00e0 notre lettre d&rsquo;information<\/h4>\n<\/div>\n<\/div>\n<div class=\"toggle-post-content clearfix\"><a id=\"toggle-post-button\" class=\"button\" href=\"#\">Afficher plus <\/a><\/div>\n<p>Auteur: EcoMatin<br \/>\n<a href=\"https:\/\/ecomatin.net\/le-port-de-douala-recrute-87-personnels-pour-renforcer-ses-capacites-de-dragage\/\">Cliquez ici pour lire l&rsquo;article depuis sa source.<\/a><\/p>\n","protected":false},"excerpt":{"rendered":"<p>Quelques jours apr\u00e8s avoir lanc\u00e9 le recrutement d\u2019un directeur et son adjoint \u00e0 la t\u00eate de la R\u00e9gie d\u00e9l\u00e9gu\u00e9e du port de Douala-Bonab\u00e9ri, les responsables de cette infrastructure portuaire viennent de lancer celui de 87 personnels. Selon le communiqu\u00e9 de Cyrus Ngo\u2019o, directeur g\u00e9n\u00e9ral du Port autonome de Douala (PAD), l\u2019entreprise recherche 57 employ\u00e9s pour [&hellip;]<\/p>\n","protected":false},"author":1969,"featured_media":0,"comment_status":"closed","ping_status":"closed","sticky":false,"template":"","format":"standard","meta":{"fifu_image_url":"","fifu_image_alt":"","footnotes":""},"categories":[82,78],"tags":[],"class_list":["post-63670","post","type-post","status-publish","format-standard","hentry","category-cameroun","category-economie"],"_links":{"self":[{"href":"https:\/\/linitiative.ca\/International\/wp-json\/wp\/v2\/posts\/63670","targetHints":{"allow":["GET"]}}],"collection":[{"href":"https:\/\/linitiative.ca\/International\/wp-json\/wp\/v2\/posts"}],"about":[{"href":"https:\/\/linitiative.ca\/International\/wp-json\/wp\/v2\/types\/post"}],"author":[{"embeddable":true,"href":"https:\/\/linitiative.ca\/International\/wp-json\/wp\/v2\/users\/1969"}],"replies":[{"embeddable":true,"href":"https:\/\/linitiative.ca\/International\/wp-json\/wp\/v2\/comments?post=63670"}],"version-history":[{"count":0,"href":"https:\/\/linitiative.ca\/International\/wp-json\/wp\/v2\/posts\/63670\/revisions"}],"wp:attachment":[{"href":"https:\/\/linitiative.ca\/International\/wp-json\/wp\/v2\/media?parent=63670"}],"wp:term":[{"taxonomy":"category","embeddable":true,"href":"https:\/\/linitiative.ca\/International\/wp-json\/wp\/v2\/categories?post=63670"},{"taxonomy":"post_tag","embeddable":true,"href":"https:\/\/linitiative.ca\/International\/wp-json\/wp\/v2\/tags?post=63670"}],"curies":[{"name":"wp","href":"https:\/\/api.w.org\/{rel}","templated":true}]}}