{"id":63672,"date":"2019-10-07T13:45:13","date_gmt":"2019-10-07T17:45:13","guid":{"rendered":"https:\/\/linitiative.ca\/International\/port-autonome-de-douala-le-groupe-bollore-nentend-pas-lacher-prise\/"},"modified":"2019-10-07T13:45:13","modified_gmt":"2019-10-07T17:45:13","slug":"port-autonome-de-douala-le-groupe-bollore-nentend-pas-lacher-prise","status":"publish","type":"post","link":"https:\/\/linitiative.ca\/International\/port-autonome-de-douala-le-groupe-bollore-nentend-pas-lacher-prise\/","title":{"rendered":"Port autonome de Douala : le groupe Bollor\u00e9 n\u2019entend pas l\u00e2cher prise"},"content":{"rendered":"<div class=\"featured-area featured-area-inner\"><img loading=\"lazy\" decoding=\"async\" width=\"780\" height=\"405\" src=\"https:\/\/i2.wp.com\/ecomatin.net\/wp-content\/uploads\/2019\/10\/ecomatin.net-port-autonome-de-douala-rencontre-annoncee-entre-paul-biya-et-le-fils-de-bollore-cyrille-bollore.jpg?resize=780%2C405&#038;ssl=1&#038;is-pending-load=1\" class=\"attachment-jannah-image-post size-jannah-image-post wp-post-image jetpack-lazy-image\" alt=\"\" data-attachment-id=\"12553\" data-permalink=\"https:\/\/ecomatin.net\/port-autonome-de-douala-rencontre-annoncee-entre-paul-biya-et-le-fils-de-bollore\/cyrille-bollore\/\" data-orig-file=\"https:\/\/i2.wp.com\/ecomatin.net\/wp-content\/uploads\/2019\/10\/ecomatin.net-port-autonome-de-douala-rencontre-annoncee-entre-paul-biya-et-le-fils-de-bollore-cyrille-bollore.jpg?fit=838%2C436&#038;ssl=1\" data-orig-size=\"838,436\" data-comments-opened=\"0\" data-image-meta=\"{\"aperture\":\"0\",\"credit\":\"\",\"camera\":\"\",\"caption\":\"\",\"created_timestamp\":\"0\",\"copyright\":\"\",\"focal_length\":\"0\",\"iso\":\"0\",\"shutter_speed\":\"0\",\"title\":\"\",\"orientation\":\"0\"}\" data-image-title=\"cyrille bollore\" data-image-description=\"\" data-medium-file=\"https:\/\/i2.wp.com\/ecomatin.net\/wp-content\/uploads\/2019\/10\/ecomatin.net-port-autonome-de-douala-rencontre-annoncee-entre-paul-biya-et-le-fils-de-bollore-cyrille-bollore.jpg?fit=300%2C156&#038;ssl=1\" data-large-file=\"https:\/\/i2.wp.com\/ecomatin.net\/wp-content\/uploads\/2019\/10\/ecomatin.net-port-autonome-de-douala-rencontre-annoncee-entre-paul-biya-et-le-fils-de-bollore-cyrille-bollore.jpg?fit=838%2C436&#038;ssl=1\" data-lazy-srcset=\"https:\/\/i2.wp.com\/ecomatin.net\/wp-content\/uploads\/2019\/10\/ecomatin.net-port-autonome-de-douala-rencontre-annoncee-entre-paul-biya-et-le-fils-de-bollore-cyrille-bollore.jpg?w=838&#038;ssl=1 838w, https:\/\/i2.wp.com\/ecomatin.net\/wp-content\/uploads\/2019\/10\/ecomatin.net-port-autonome-de-douala-rencontre-annoncee-entre-paul-biya-et-le-fils-de-bollore-cyrille-bollore.jpg?resize=300%2C156&#038;ssl=1 300w, https:\/\/i2.wp.com\/ecomatin.net\/wp-content\/uploads\/2019\/10\/ecomatin.net-port-autonome-de-douala-rencontre-annoncee-entre-paul-biya-et-le-fils-de-bollore-cyrille-bollore.jpg?resize=768%2C400&#038;ssl=1 768w, https:\/\/i2.wp.com\/ecomatin.net\/wp-content\/uploads\/2019\/10\/ecomatin.net-port-autonome-de-douala-rencontre-annoncee-entre-paul-biya-et-le-fils-de-bollore-cyrille-bollore.jpg?resize=780%2C405&#038;ssl=1 780w\" data-lazy-sizes=\"(max-width: 780px) 100vw, 780px\" srcset=\"data:image\/gif;base64,R0lGODlhAQABAIAAAAAAAP\/\/\/yH5BAEAAAAALAAAAAABAAEAAAIBRAA7\"\/><\/div>\n<div class=\"entry-content entry clearfix\" readability=\"60\">\n<p>Apr\u00e8s avoir saisi le pr\u00e9sident Paul Biya par une lettre du 12 septembre 2019, Cyrille Bollor\u00e9 compte accentuer l\u2019offensive. Le fils du milliardaire fran\u00e7ais Vincent Bollor\u00e9 est annonc\u00e9 ce d\u00e9but de semaine \u00e0 Yaound\u00e9 o\u00f9, selon plusieurs sources, il envisage rencontrer le chef de l\u2019Etat. Cyrille Bollor\u00e9 envisagerait de discuter avec le pr\u00e9sident camerounais de la concession du terminal \u00e0 conteneurs du port de Douala-Bonab\u00e9ri, dont le processus a connu plusieurs soubresauts ces derniers mois. Comme il l\u2019avait pr\u00e9cis\u00e9 dans la lettre susmentionn\u00e9e, Cyrille Bollor\u00e9 souhaiterais que Paul Biya intervienne en faveur de Douala International terminal (DIT), qui a perdu provisoirement la concession sur cette infrastructure, au profit de Terminal Investment Limited (TIL).<\/p>\n<p>Le groupe Bollor\u00e9 compte faire deux offres au chef de l\u2019Etat. La premi\u00e8re offre consisterait \u00e0 payer les 24 milliards de FCFA de redevances de stationnement pour le compte de l\u2019ann\u00e9e 2018, que le Port autonome de Douala (PAD) r\u00e9clame \u00e0 DIT. Dans la seconde offre, Bollor\u00e9 envisage de payer des redevances \u00e9gales ou sup\u00e9rieures \u00e0 celles du groupe suisse TIL, lesquelles s\u2019\u00e9l\u00e8vent \u00e0 357 milliards de FCFA sur 15 ans avec un droit d\u2019entr\u00e9e de 24 milliards de FCFA payables \u00e0 la signature du contrat.<\/p>\n<p>Dans sa lettre de septembre, Cyrille Bollor\u00e9 accusait \u00ab\u00a0certaines autorit\u00e9s camerounaises\u00a0\u00bb de l\u2019avoir mis hors course \u00e0 sa propre succession \u00e0 la concession, alors qu\u2019il y aurait eu un accord sign\u00e9 avec le port pour une prorogation de 4 ans de son contrat. Entre temps, l\u2019affaire est pendante devant les juridictions nationale et internationale. La d\u00e9signation de TIL comme concessionnaire \u00e0 titre provisoire avait d\u2019ailleurs \u00e9t\u00e9 annonc\u00e9e par le DG du PAD, <strong>Cyrus Ngo\u2019o<\/strong>, alors que le tribunal administratif de Douala-Bonanjo venait d\u2019ordonner la suspension du processus de d\u00e9signation.<\/p>\n<div class=\"about-author about-author-box container-wrapper\">\n<div class=\"author-avatar\">\n<p><img decoding=\"async\" src=\"http:\/\/\" alt=\"\"\/><\/p>\n<\/div>\n<p><h4>La R\u00e9daction EcoMatin<\/h4>\n<\/p>\n<\/div>\n<div class=\"awac-wrapper awac widget blog_subscription-2\">\n<h4 class=\"widget-title\">Abonnez-vous \u00e0 notre lettre d&rsquo;information<\/h4>\n<\/div>\n<\/div>\n<div class=\"toggle-post-content clearfix\"><a id=\"toggle-post-button\" class=\"button\" href=\"#\">Afficher plus <\/a><\/div>\n<p>Auteur: EcoMatin<br \/>\n<a href=\"https:\/\/ecomatin.net\/port-autonome-de-douala-rencontre-annoncee-entre-paul-biya-et-le-fils-de-bollore\/\">Cliquez ici pour lire l&rsquo;article depuis sa source.<\/a><\/p>\n","protected":false},"excerpt":{"rendered":"<p>Apr\u00e8s avoir saisi le pr\u00e9sident Paul Biya par une lettre du 12 septembre 2019, Cyrille Bollor\u00e9 compte accentuer l\u2019offensive. Le fils du milliardaire fran\u00e7ais Vincent Bollor\u00e9 est annonc\u00e9 ce d\u00e9but de semaine \u00e0 Yaound\u00e9 o\u00f9, selon plusieurs sources, il envisage rencontrer le chef de l\u2019Etat. Cyrille Bollor\u00e9 envisagerait de discuter avec le pr\u00e9sident camerounais de [&hellip;]<\/p>\n","protected":false},"author":1969,"featured_media":0,"comment_status":"closed","ping_status":"closed","sticky":false,"template":"","format":"standard","meta":{"fifu_image_url":"","fifu_image_alt":"","footnotes":""},"categories":[82,78],"tags":[],"class_list":["post-63672","post","type-post","status-publish","format-standard","hentry","category-cameroun","category-economie"],"_links":{"self":[{"href":"https:\/\/linitiative.ca\/International\/wp-json\/wp\/v2\/posts\/63672","targetHints":{"allow":["GET"]}}],"collection":[{"href":"https:\/\/linitiative.ca\/International\/wp-json\/wp\/v2\/posts"}],"about":[{"href":"https:\/\/linitiative.ca\/International\/wp-json\/wp\/v2\/types\/post"}],"author":[{"embeddable":true,"href":"https:\/\/linitiative.ca\/International\/wp-json\/wp\/v2\/users\/1969"}],"replies":[{"embeddable":true,"href":"https:\/\/linitiative.ca\/International\/wp-json\/wp\/v2\/comments?post=63672"}],"version-history":[{"count":0,"href":"https:\/\/linitiative.ca\/International\/wp-json\/wp\/v2\/posts\/63672\/revisions"}],"wp:attachment":[{"href":"https:\/\/linitiative.ca\/International\/wp-json\/wp\/v2\/media?parent=63672"}],"wp:term":[{"taxonomy":"category","embeddable":true,"href":"https:\/\/linitiative.ca\/International\/wp-json\/wp\/v2\/categories?post=63672"},{"taxonomy":"post_tag","embeddable":true,"href":"https:\/\/linitiative.ca\/International\/wp-json\/wp\/v2\/tags?post=63672"}],"curies":[{"name":"wp","href":"https:\/\/api.w.org\/{rel}","templated":true}]}}