{"id":63675,"date":"2019-10-08T09:30:01","date_gmt":"2019-10-08T13:30:01","guid":{"rendered":"https:\/\/linitiative.ca\/International\/quand-benyoussef-revisite-lexpressionnisme-cubisme\/"},"modified":"2019-10-08T09:30:01","modified_gmt":"2019-10-08T13:30:01","slug":"quand-benyoussef-revisite-lexpressionnisme-cubisme","status":"publish","type":"post","link":"https:\/\/linitiative.ca\/International\/quand-benyoussef-revisite-lexpressionnisme-cubisme\/","title":{"rendered":"Quand Benyoussef revisite l\u2019expressionnisme cubisme"},"content":{"rendered":"<p><img decoding=\"async\" class=\"post_layout_5_img\" src=\"http:\/\/aujourdhui.ma\/wp-content\/uploads\/2019\/10\/Artiste-peintre-Mohamed-Amine-Benyoussef-.jpg?x29840\" alt=\"Quand Benyoussef revisite l\u2019expressionnisme cubisme\"\/><\/p>\n<p class=\"p1\"><span class=\"c5\"><strong><span class=\"s1 c4\"><em>Il pr\u00e9sente \u00abUn monde dans des miroirs fragment\u00e9s\u00bb \u00e0 la galerie de la Fondation Mohammed VI<\/em><\/span><\/strong><\/span> <span id=\"more-319398\"\/><\/p>\n<div class=\"base-box mom_box_sc_custom mom_box_sc clear c6\" readability=\"8\">\n<p class=\"p1\"><span class=\"s1\"><strong>Exposition visible jusqu\u2019au 10 octobre \u00e0 la galerie de la Fondation Mohammed VI de promotion des \u0153uvres sociales de l\u2019\u00e9ducation-formation.<\/strong><\/span><\/p>\n<\/div>\n<p class=\"p1\"><span class=\"s1\">L\u2019artiste-peintre Mohamed Amine Benyoussef revient sur la sc\u00e8ne artistique avec une nouvelle exposition intitul\u00e9e \u00abUn monde dans des miroirs fragment\u00e9s\u00bb \u00e0 la galerie de la Fondation Mohammed VI de promotion des \u0153uvres sociales de l\u2019\u00e9ducation-formation. Cet artiste connu par la peinture florale pr\u00e9sente cette fois-ci une nouvelle s\u00e9rie d\u2019\u0153uvres r\u00e9unissant 43 \u0153uvres dont l\u2019ensemble est ax\u00e9 sur l\u2019expressionnisme cubisme. A propos de ce tournant vers le cubisme, Benyoussef<span class=\"Apple-converted-space\">\u00a0<\/span> indique qu\u2019il date de 2015. <em>\u00abJ\u2019avais r\u00e9alis\u00e9 \u00e0 cette date une \u0153uvre intitul\u00e9e \u00abPour un peu de bonheur\u00bb. Cette toile \u00e9tait le fil conducteur vers ma nouvelle recherche\u00bb.<\/em><\/span><\/p>\n<p class=\"p1\"><span class=\"s1\">A ce sujet, l\u2019artiste plasticien et chercheur Azdine Hachimi Idrissi t\u00e9moigne dans son analyse que Mohamed Amine Benyoussef revisite le cubisme, le r\u00e9nove et le remet au go\u00fbt du jour. \u00abIl a r\u00e9ussi \u00e0 relever le d\u00e9fi de la fragmentation, l\u2019analyse, la recomposition, la synth\u00e8se, l\u2019assemblage\u2026 qui sont les caract\u00e9ristiques fondamentales de cette \u00e9cole. Ses \u0153uvres n\u00e9o-cubistes refl\u00e8tent une approche moderne du travail de peinture et une composition picturale parfaitement ma\u00eetris\u00e9e\u00bb, t\u00e9moigne Azdine Hachimi Idrissi.<span class=\"Apple-converted-space\">\u00a0<\/span> Sur le plan pictural, Benyoussef g\u00e8re parfaitement l\u2019\u00e9quilibre entre formes et couleurs en int\u00e9grant subtilement les proc\u00e9d\u00e9s du \u00abcubisme synth\u00e9tique\u00bb (mati\u00e8res, collage, imprim\u00e9s, fragments de journaux, graphisme, \u00e9criture,).<\/span><\/p>\n<p class=\"p1\"><span class=\"s1\">Ainsi, sur le plan des couleurs, l\u2019artiste utilise l\u2019ocre, le brun, le gris color\u00e9 et surtout la couleur marron ou terre de Sienne qui est pr\u00e9sente quasiment dans toutes les toiles. <em>\u00abCette couleur brune, celle de la terre,\u2026 l\u2019argile de la terre\u2026 appelle \u00e0 une interpr\u00e9tation. C\u2019est comme si l\u2019imaginaire de l\u2019artiste Benyoussef avait fait le choix de s\u2019\u00e9loigner de l\u2019univers a\u00e9rien, lumineux et fortement color\u00e9 du monde floral\u2026 afin de s\u2019impr\u00e9gner de ce terreau, cette terre brune\u2026 sur laquelle pousse \u00abla fleur\u00bb et lui donne vie\u00bb,<\/em> indique M. Hachimi Idrissi.<\/span><\/p>\n<p class=\"p1\"><span class=\"s1\">Pour noter, Benyoussef est laur\u00e9at de l\u2019Ecole des beaux-arts de Casablanca en 1991. Il d\u00e9cida de s\u2019engager dans la vie professionnelle en tant que vid\u00e9ographiste, tout en s\u2019investissant dans la cr\u00e9ativit\u00e9 num\u00e9rique audiovisuelle. Il compte \u00e0 son actif plusieurs expositions individuelles et collectives. Parmi lesquelles deux expositions \u00e0 r\u00e9f\u00e9rentiel floral. Une en 2012 sous le titre \u00abLes Jardins de l\u2019Espoir\u00bb, l\u2019autre en 2013 sous le titre \u00abL\u2019Echo Floral\u00bb. Benyoussef est en fait connu comme \u00e9tant un peintre de l\u2019univers floral avec des \u0153uvres \u00e0 la richesse chromatique exub\u00e9rante.<\/span><\/p>\n<p>Auteur: Siham Jadraoui<br \/>\n<a href=\"http:\/\/aujourdhui.ma\/culture\/quand-benyoussef-revisite-lexpressionnisme-cubisme\">Cliquez ici pour lire l&rsquo;article depuis sa source.<\/a><\/p>\n","protected":false},"excerpt":{"rendered":"<p>Il pr\u00e9sente \u00abUn monde dans des miroirs fragment\u00e9s\u00bb \u00e0 la galerie de la Fondation Mohammed VI Exposition visible jusqu\u2019au 10 octobre \u00e0 la galerie de la Fondation Mohammed VI de promotion des \u0153uvres sociales de l\u2019\u00e9ducation-formation. L\u2019artiste-peintre Mohamed Amine Benyoussef revient sur la sc\u00e8ne artistique avec une nouvelle exposition intitul\u00e9e \u00abUn monde dans des miroirs [&hellip;]<\/p>\n","protected":false},"author":1759,"featured_media":0,"comment_status":"closed","ping_status":"closed","sticky":false,"template":"","format":"standard","meta":{"fifu_image_url":"","fifu_image_alt":"","footnotes":""},"categories":[73,54],"tags":[],"class_list":["post-63675","post","type-post","status-publish","format-standard","hentry","category-actualite","category-maroc"],"_links":{"self":[{"href":"https:\/\/linitiative.ca\/International\/wp-json\/wp\/v2\/posts\/63675","targetHints":{"allow":["GET"]}}],"collection":[{"href":"https:\/\/linitiative.ca\/International\/wp-json\/wp\/v2\/posts"}],"about":[{"href":"https:\/\/linitiative.ca\/International\/wp-json\/wp\/v2\/types\/post"}],"author":[{"embeddable":true,"href":"https:\/\/linitiative.ca\/International\/wp-json\/wp\/v2\/users\/1759"}],"replies":[{"embeddable":true,"href":"https:\/\/linitiative.ca\/International\/wp-json\/wp\/v2\/comments?post=63675"}],"version-history":[{"count":0,"href":"https:\/\/linitiative.ca\/International\/wp-json\/wp\/v2\/posts\/63675\/revisions"}],"wp:attachment":[{"href":"https:\/\/linitiative.ca\/International\/wp-json\/wp\/v2\/media?parent=63675"}],"wp:term":[{"taxonomy":"category","embeddable":true,"href":"https:\/\/linitiative.ca\/International\/wp-json\/wp\/v2\/categories?post=63675"},{"taxonomy":"post_tag","embeddable":true,"href":"https:\/\/linitiative.ca\/International\/wp-json\/wp\/v2\/tags?post=63675"}],"curies":[{"name":"wp","href":"https:\/\/api.w.org\/{rel}","templated":true}]}}