{"id":63676,"date":"2019-10-08T10:00:31","date_gmt":"2019-10-08T14:00:31","guid":{"rendered":"https:\/\/linitiative.ca\/International\/ahmed-salemi-nous-aidons-les-auto-entrepreneurs-a-decouvrir-leur-potentiel-et-a-se-faire-confiance\/"},"modified":"2019-10-08T10:00:31","modified_gmt":"2019-10-08T14:00:31","slug":"ahmed-salemi-nous-aidons-les-auto-entrepreneurs-a-decouvrir-leur-potentiel-et-a-se-faire-confiance","status":"publish","type":"post","link":"https:\/\/linitiative.ca\/International\/ahmed-salemi-nous-aidons-les-auto-entrepreneurs-a-decouvrir-leur-potentiel-et-a-se-faire-confiance\/","title":{"rendered":"Ahmed Salemi : \u00abNous aidons les auto-entrepreneurs \u00e0 d\u00e9couvrir leur potentiel et \u00e0 se faire confiance\u00bb"},"content":{"rendered":"<p><img decoding=\"async\" class=\"post_layout_5_img\" src=\"http:\/\/aujourdhui.ma\/wp-content\/uploads\/2019\/10\/Ahmed-Salemi-responsable-de-formation-Forever-Living-Products-Maroc.jpg?x29840\" alt=\"Ahmed Salemi : \u00abNous aidons les auto-entrepreneurs \u00e0 d\u00e9couvrir leur potentiel et \u00e0 se faire confiance\u00bb\"\/><\/p>\n<p class=\"p1\"><span class=\"c4\"><strong><span class=\"s1\"><em>Entretien avec<\/em> Ahmed Salemi, <em>responsable formation Forever Living Products Maroc<\/em><\/span><\/strong><\/span><span id=\"more-319375\"\/><\/p>\n<div class=\"base-box mom_box_sc_custom mom_box_sc clear c5\" readability=\"13\">\n<p class=\"p1\"><strong><span class=\"s1\"><em>Le mod\u00e8le de formation de Forever se concentre sur toutes les comp\u00e9tences d\u2019affaires qui sont n\u00e9cessaires pour d\u00e9marrer un parcours entrepreneurial, \u00e0 savoir les techniques de vente, la prise de contact, le suivi client, etc.<\/em><\/span><\/strong><\/p>\n<\/div>\n<p class=\"p1\"><strong>ALM\u00a0: Vous avez int\u00e9gr\u00e9 r\u00e9cemment l\u2019\u00e9quipe de Forever en tant que formateur officiel. Quel bilan faites-vous de ces 18 mois de collaboration\u00a0?<\/strong><\/p>\n<p class=\"p1\"><strong>Ahmed Salemi\u00a0:<\/strong> Je suis tr\u00e8s satisfait de l\u2019\u00e9tat d\u2019esprit des managers de Forever. J\u2019aime leur philosophie, qui est centr\u00e9e sur le d\u00e9veloppement humain et qui traduit un besoin essentiel pour notre pays et ses citoyens. Je suis heureux de voir que plusieurs personnes ont chang\u00e9 leur fa\u00e7on de percevoir le monde du travail et ont compris que l\u2019entrepreneuriat \u00e9tait en mesure de leur apporter ce dont elles avaient besoin.<\/p>\n<p class=\"p1\"><strong>Sur quoi repose le mod\u00e8le de formation de Forever compar\u00e9 aux autres entreprises qui partagent le m\u00eame champ d\u2019activit\u00e9\u00a0?<\/strong><\/p>\n<p class=\"p1\">Le mod\u00e8le de formation de Forever se concentre sur toutes les comp\u00e9tences d\u2019affaires qui sont n\u00e9cessaires pour d\u00e9marrer un parcours entrepreneurial, \u00e0 savoir les techniques de vente, la prise de contact, le suivi client, etc. L\u00e0 o\u00f9 ce mod\u00e8le se distingue, c\u2019est qu\u2019il aide aussi \u00e0 se d\u00e9velopper personnellement en adoptant une v\u00e9ritable philosophie de l\u2019empowerment. Nous aidons les auto-entrepreneurs \u00e0 d\u00e9couvrir leur potentiel et \u00e0 se faire confiance. Avec l\u2019objectif de faire de ces personnes de v\u00e9ritables agents du changement positif, pour eux-m\u00eames et toutes les personnes qui les entourent.<\/p>\n<p class=\"p1\"><strong>Quel est le feedback recueilli de la communaut\u00e9 des distributeurs de Forever\u00a0?<\/strong><\/p>\n<p class=\"p1\">Comme je le disais pr\u00e9c\u00e9demment, je parle non pas de distributeurs mais plut\u00f4t d\u2019auto-entrepreneurs. Beaucoup sont r\u00e9ceptifs \u00e0 notre philosophie d\u2019empowerment. Ils comprennent qu\u2019ils ont le pouvoir de changer leur vie en d\u00e9passant leurs craintes et en profitant des pistes d\u2019apprentissage et de d\u00e9veloppement que leur propose Forever.<\/p>\n<p class=\"p1\"><strong>Quels sont les points sur lesquels vous mettez l\u2019accent pour renforcer leur intervention au niveau national\u00a0?<\/strong><\/p>\n<p class=\"p1\">Pour ce qui est des points sur lesquels nous mettons l\u2019accent, je citerais l\u2019engagement \u00e0 travailler sur soi-m\u00eame et \u00e0 adopter un esprit critique. Et cela, afin de pouvoir diff\u00e9rencier les id\u00e9es n\u00e9gatives, souvent handicapantes, des id\u00e9es positives, qui sont celles qui motivent et donnent envie de travailler mieux et de s\u2019organiser en suivant un mindset d\u2019entrepreneur.<\/p>\n<p class=\"p1\"><strong>En quoi ce mod\u00e8le de distribution contribue-t-il \u00e0 dynamiser l\u2019employabilit\u00e9 au Maroc quelles sont les perspectives offertes aux personnes souhaitant rejoindre ce r\u00e9seau\u00a0?<\/strong><\/p>\n<p class=\"p1\">Les auto-entrepreneurs qui travaillent avec Forever doivent disposer d\u2019un statut fiscal, qui leur permet de percevoir des bonus d\u2019activit\u00e9. En fonctionnant selon le mod\u00e8le du marketing de r\u00e9seau et de la vente directe, Forever leur offre ainsi une alternative concr\u00e8te \u00e0 la r\u00e9duction du pouvoir d\u2019achat. Ces auto-entrepreneurs peuvent ainsi exercer leur activit\u00e9 de distribution \u00e0 temps complet pour ceux qui souhaitent entreprendre et b\u00e9n\u00e9ficier de revenus non plafonn\u00e9s, ou \u00e0 temps partiel pour ceux qui cherchent un revenu compl\u00e9mentaire.<\/p>\n<p>Auteur: Kawtar Tali<br \/>\n<a href=\"http:\/\/aujourdhui.ma\/economie\/ahmed-salemi-nous-aidons-les-auto-entrepreneurs-a-decouvrir-leur-potentiel-et-a-se-faire-confiance\">Cliquez ici pour lire l&rsquo;article depuis sa source.<\/a><\/p>\n","protected":false},"excerpt":{"rendered":"<p>Entretien avec Ahmed Salemi, responsable formation Forever Living Products Maroc Le mod\u00e8le de formation de Forever se concentre sur toutes les comp\u00e9tences d\u2019affaires qui sont n\u00e9cessaires pour d\u00e9marrer un parcours entrepreneurial, \u00e0 savoir les techniques de vente, la prise de contact, le suivi client, etc. ALM\u00a0: Vous avez int\u00e9gr\u00e9 r\u00e9cemment l\u2019\u00e9quipe de Forever en tant [&hellip;]<\/p>\n","protected":false},"author":1759,"featured_media":0,"comment_status":"closed","ping_status":"closed","sticky":false,"template":"","format":"standard","meta":{"fifu_image_url":"","fifu_image_alt":"","footnotes":""},"categories":[73,54],"tags":[],"class_list":["post-63676","post","type-post","status-publish","format-standard","hentry","category-actualite","category-maroc"],"_links":{"self":[{"href":"https:\/\/linitiative.ca\/International\/wp-json\/wp\/v2\/posts\/63676","targetHints":{"allow":["GET"]}}],"collection":[{"href":"https:\/\/linitiative.ca\/International\/wp-json\/wp\/v2\/posts"}],"about":[{"href":"https:\/\/linitiative.ca\/International\/wp-json\/wp\/v2\/types\/post"}],"author":[{"embeddable":true,"href":"https:\/\/linitiative.ca\/International\/wp-json\/wp\/v2\/users\/1759"}],"replies":[{"embeddable":true,"href":"https:\/\/linitiative.ca\/International\/wp-json\/wp\/v2\/comments?post=63676"}],"version-history":[{"count":0,"href":"https:\/\/linitiative.ca\/International\/wp-json\/wp\/v2\/posts\/63676\/revisions"}],"wp:attachment":[{"href":"https:\/\/linitiative.ca\/International\/wp-json\/wp\/v2\/media?parent=63676"}],"wp:term":[{"taxonomy":"category","embeddable":true,"href":"https:\/\/linitiative.ca\/International\/wp-json\/wp\/v2\/categories?post=63676"},{"taxonomy":"post_tag","embeddable":true,"href":"https:\/\/linitiative.ca\/International\/wp-json\/wp\/v2\/tags?post=63676"}],"curies":[{"name":"wp","href":"https:\/\/api.w.org\/{rel}","templated":true}]}}