{"id":63678,"date":"2019-10-08T10:42:04","date_gmt":"2019-10-08T14:42:04","guid":{"rendered":"https:\/\/linitiative.ca\/International\/caravane-emploi-et-metiers-plus-de-10-000-visiteurs-attendus-a-rabat\/"},"modified":"2019-10-08T10:42:04","modified_gmt":"2019-10-08T14:42:04","slug":"caravane-emploi-et-metiers-plus-de-10-000-visiteurs-attendus-a-rabat","status":"publish","type":"post","link":"https:\/\/linitiative.ca\/International\/caravane-emploi-et-metiers-plus-de-10-000-visiteurs-attendus-a-rabat\/","title":{"rendered":"Caravane emploi et m\u00e9tiers : Plus de 10.000 visiteurs attendus \u00e0 Rabat"},"content":{"rendered":"<p><img decoding=\"async\" class=\"post_layout_5_img\" src=\"http:\/\/aujourdhui.ma\/wp-content\/uploads\/2019\/10\/Caravane-emploi-et-me%CC%81tiers-2019.jpg?x29840\" alt=\"Caravane emploi et m\u00e9tiers : Plus de 10.000 visiteurs attendus \u00e0 Rabat\"\/><\/p>\n<p class=\"p1\"><span class=\"c5\"><strong><span class=\"s1 c4\"><em>Un \u00e9v\u00e9nement organis\u00e9 par le Groupe AmalJob\/Novojob<\/em><\/span><\/strong><\/span><span id=\"more-319417\"\/><\/p>\n<div class=\"base-box mom_box_sc_custom mom_box_sc clear c6\" readability=\"8\">\n<p class=\"p1\"><span class=\"s1\"><em><strong>Plusieurs secteurs seront au rendez-vous et plus de 50 professionnels seront \u00e0 la disposition des candidats pour mener \u00e0 bien leurs entretiens.<\/strong><\/em><\/span><\/p>\n<\/div>\n<p class=\"p1\"><span class=\"s1\">Apr\u00e8s une premi\u00e8re \u00e9tape dans la ville ocre, la Caravane emploi et m\u00e9tiers 2019, organis\u00e9e par le Groupe AmalJob\/Novojob, revient cette fois-ci \u00e0 Rabat et ce le 10 octobre. L\u2019\u00e9v\u00e9nement accueillera plusieurs nouvelles entreprises exposantes, en plus de celles d\u00e9j\u00e0 pr\u00e9sentes durant l\u2019\u00e9dition marrakchie en avril dernier. Ainsi, Axa Technologies et Axa Assistance Maroc Services sont partenaires majeurs de cette nouvelle \u00e9tape. Quant au Groupe Cr\u00e9dit Agricole, il reconduit son partenariat \u00e0 l\u2019instar d\u2019autres groupes.<\/span><\/p>\n<p class=\"p1\"><span class=\"s1\">Plusieurs secteurs seront au rendez-vous (offshoring, banque, finance, tourisme, services, institutions publiques, \u2026), et plus de 50 professionnels (RH, coachs, consultants, repr\u00e9sentants de TPE, PME et GE\u2026) seront \u00e0 la disposition des candidats pour mener \u00e0 bien leurs entretiens. 8.000 visiteurs se sont d\u2019ores et d\u00e9j\u00e0 inscrits et ce sont plus de 10.000 qui sont attendus \u00e0 ce rendez-vous de la capitale administrative.<\/span><\/p>\n<p class=\"p1\"><span class=\"s1\">Au programme, des ateliers et informations pratiques sur la recherche d\u2019emploi accessibles \u00e0 tous. Une douzaine de coachs se relayera pour animer ces ateliers qui se tiendront toutes les heures de 9h \u00e0 17h et qui porteront sur diff\u00e9rentes th\u00e9matiques: \u00abTechniques de recherche d\u2019emploi\u00bb, \u00abR\u00e9daction et correction des CV\u00bb, \u00abPr\u00e9paration \u00e0 l\u2019entretien d\u2019embauche\u00bb, \u00abConfiance et ma\u00eetrise de soi\u00bb, \u00abGestion du stress\u00bb, \u00abEviter les pi\u00e8ges lors d\u2019un entretien d\u2019embauche\u00bb, \u00abComment relancer un recruteur apr\u00e8s un entretien d\u2019embauche\u00bb et \u00abMettre en valeur ses soft skills\u00bb. Aussi, et \u00e0 l\u2019adresse des candidats, des ateliers d\u2019auto-entrepreneuriat seront organis\u00e9s, conduits et anim\u00e9s par Maroc PME.<\/span><\/p>\n<p class=\"p1\"><span class=\"s1\"><em>\u00abNous sommes bien plus qu\u2019un simple ou un ni\u00e8me salon de recrutement. La Caravane emploi et m\u00e9tiers se positionne aujourd\u2019hui comme une v\u00e9ritable plateforme d\u2019offre d\u2019emplois mais avec une forte vocation soci\u00e9tale. L\u2019objectif de l\u2019accompagnement que nous offrons, depuis l\u2019amont du processus de recherche d\u2019emploi, est d\u2019outiller les candidats en soft skills, surtout ceux qui n\u2019y ont pas acc\u00e8s, afin qu\u2019ils d\u00e9crochent des entretiens ult\u00e9rieurs aupr\u00e8s des entreprises partenaires\u00bb<\/em>, rappelle Karima Hammoucha, directrice commerciale de Novojob Maroc.<\/span><\/p>\n<p>Auteur: ALM<br \/>\n<a href=\"http:\/\/aujourdhui.ma\/emploi\/caravane-emploi-et-metiers-plus-de-10-000-visiteurs-attendus-a-rabat\">Cliquez ici pour lire l&rsquo;article depuis sa source.<\/a><\/p>\n","protected":false},"excerpt":{"rendered":"<p>Un \u00e9v\u00e9nement organis\u00e9 par le Groupe AmalJob\/Novojob Plusieurs secteurs seront au rendez-vous et plus de 50 professionnels seront \u00e0 la disposition des candidats pour mener \u00e0 bien leurs entretiens. Apr\u00e8s une premi\u00e8re \u00e9tape dans la ville ocre, la Caravane emploi et m\u00e9tiers 2019, organis\u00e9e par le Groupe AmalJob\/Novojob, revient cette fois-ci \u00e0 Rabat et ce [&hellip;]<\/p>\n","protected":false},"author":1759,"featured_media":0,"comment_status":"closed","ping_status":"closed","sticky":false,"template":"","format":"standard","meta":{"fifu_image_url":"","fifu_image_alt":"","footnotes":""},"categories":[73,54],"tags":[],"class_list":["post-63678","post","type-post","status-publish","format-standard","hentry","category-actualite","category-maroc"],"_links":{"self":[{"href":"https:\/\/linitiative.ca\/International\/wp-json\/wp\/v2\/posts\/63678","targetHints":{"allow":["GET"]}}],"collection":[{"href":"https:\/\/linitiative.ca\/International\/wp-json\/wp\/v2\/posts"}],"about":[{"href":"https:\/\/linitiative.ca\/International\/wp-json\/wp\/v2\/types\/post"}],"author":[{"embeddable":true,"href":"https:\/\/linitiative.ca\/International\/wp-json\/wp\/v2\/users\/1759"}],"replies":[{"embeddable":true,"href":"https:\/\/linitiative.ca\/International\/wp-json\/wp\/v2\/comments?post=63678"}],"version-history":[{"count":0,"href":"https:\/\/linitiative.ca\/International\/wp-json\/wp\/v2\/posts\/63678\/revisions"}],"wp:attachment":[{"href":"https:\/\/linitiative.ca\/International\/wp-json\/wp\/v2\/media?parent=63678"}],"wp:term":[{"taxonomy":"category","embeddable":true,"href":"https:\/\/linitiative.ca\/International\/wp-json\/wp\/v2\/categories?post=63678"},{"taxonomy":"post_tag","embeddable":true,"href":"https:\/\/linitiative.ca\/International\/wp-json\/wp\/v2\/tags?post=63678"}],"curies":[{"name":"wp","href":"https:\/\/api.w.org\/{rel}","templated":true}]}}