{"id":63680,"date":"2019-10-08T06:34:23","date_gmt":"2019-10-08T10:34:23","guid":{"rendered":"https:\/\/linitiative.ca\/International\/agadir-le-sg-du-pps-rencontre-des-enseignants-chercheurs\/"},"modified":"2019-10-08T06:34:23","modified_gmt":"2019-10-08T10:34:23","slug":"agadir-le-sg-du-pps-rencontre-des-enseignants-chercheurs","status":"publish","type":"post","link":"https:\/\/linitiative.ca\/International\/agadir-le-sg-du-pps-rencontre-des-enseignants-chercheurs\/","title":{"rendered":"Agadir: le SG du PPS rencontre des enseignants chercheurs"},"content":{"rendered":"<p class=\"c4\"><span class=\"c3\"><strong><span class=\"c2\">S<\/span>ous la pr\u00e9sidence de Nabil Benabdallah, Secr\u00e9taire g\u00e9n\u00e9ral du PPS, une rencontre du secteur de l\u2019enseignement sup\u00e9rieur d\u2019Ibn Zohr d\u2019Agadir a eu lieu au village d\u2019estivage du COS\/ONE. Mod\u00e9r\u00e9e par la camarade Fatema Chaabi, cette r\u00e9union \u00e0 laquelle prenait part une quarantaine d\u2019enseignants chercheurs \u00e9tait rehauss\u00e9e par l\u2019intervention pertinente du SG du parti.<\/strong><\/span><\/p>\n<p class=\"c4\">Apr\u00e8s avoir mis en exergue le parcours des militants et militantes du parti au sein de l\u2019universit\u00e9 marocaine, depuis les ann\u00e9es quarante, le SG a abord\u00e9 les nouveaux d\u00e9veloppements au niveau national qui ont conduit au retrait du PPS du gouvernement.<\/p>\n<p class=\"c4\">Une occasion\u00a0 pour mettre au clair les arguments qui ont incit\u00e9 \u00e0 la prise de cette d\u00e9cision lors de la derni\u00e8re session du comit\u00e9 central. Cette position dans laquelle se situe d\u00e9sormais le parti, n\u00e9cessite une large mobilisation pour la refonte des rangs du parti, la dynamisation de la gauche au sein de la soci\u00e9t\u00e9 et surtout \u00e0 l\u2019universit\u00e9 dont l\u2019identit\u00e9 de gauche s\u2019est estomp\u00e9e au profit de l\u2019obscurantisme et de la r\u00e9action.<\/p>\n<p class=\"c4\">Dans le m\u00eame ordre d\u2019id\u00e9es, l\u2019intervention s\u2019est focalis\u00e9e sur la r\u00e9surrection des valeurs et des vertus de la d\u00e9mocratie et du progr\u00e8s. Ce qui impose la mise en marche d\u2019une campagne de sensibilisation et de prise de conscience au sein des g\u00e9n\u00e9rations montantes pour endiguer les id\u00e9es r\u00e9trogrades et surann\u00e9es. C\u2019est un discours d\u2019espoir et d\u2019optimisme, partag\u00e9 avec d\u2019autres forces qui aspirent aux m\u00eames finalit\u00e9s.<\/p>\n<p class=\"c4\">Par la suite, l\u2019orateur a mis l\u2019accent sur la loi cadre de l\u2019enseignement dont on ne peut qu\u2019admettre la teneur, avec toutes ses anomalies. Mais, il devrait s\u2019accompagner de gouvernance, d\u2019appropriation, de formation, d\u2019adh\u00e9sion de toutes les composantes pour mettre en \u0153uvre ses dispositions.<\/p>\n<p class=\"c4\">A la fin de cette r\u00e9union, l\u2019assistance a pris la parole pour enrichir le continu de cette int\u00e9ressante communication.<\/p>\n<p>Auteur: M&rsquo;hammed rahal<br \/>\n<a href=\"http:\/\/albayane.press.ma\/agadir-le-sg-du-pps-rencontre-des-enseignants-chercheurs.html\">Cliquez ici pour lire l&rsquo;article depuis sa source.<\/a><\/p>\n","protected":false},"excerpt":{"rendered":"<p>Sous la pr\u00e9sidence de Nabil Benabdallah, Secr\u00e9taire g\u00e9n\u00e9ral du PPS, une rencontre du secteur de l\u2019enseignement sup\u00e9rieur d\u2019Ibn Zohr d\u2019Agadir a eu lieu au village d\u2019estivage du COS\/ONE. Mod\u00e9r\u00e9e par la camarade Fatema Chaabi, cette r\u00e9union \u00e0 laquelle prenait part une quarantaine d\u2019enseignants chercheurs \u00e9tait rehauss\u00e9e par l\u2019intervention pertinente du SG du parti. Apr\u00e8s avoir [&hellip;]<\/p>\n","protected":false},"author":1760,"featured_media":0,"comment_status":"closed","ping_status":"closed","sticky":false,"template":"","format":"standard","meta":{"fifu_image_url":"","fifu_image_alt":"","footnotes":""},"categories":[73,54],"tags":[],"class_list":["post-63680","post","type-post","status-publish","format-standard","hentry","category-actualite","category-maroc"],"_links":{"self":[{"href":"https:\/\/linitiative.ca\/International\/wp-json\/wp\/v2\/posts\/63680","targetHints":{"allow":["GET"]}}],"collection":[{"href":"https:\/\/linitiative.ca\/International\/wp-json\/wp\/v2\/posts"}],"about":[{"href":"https:\/\/linitiative.ca\/International\/wp-json\/wp\/v2\/types\/post"}],"author":[{"embeddable":true,"href":"https:\/\/linitiative.ca\/International\/wp-json\/wp\/v2\/users\/1760"}],"replies":[{"embeddable":true,"href":"https:\/\/linitiative.ca\/International\/wp-json\/wp\/v2\/comments?post=63680"}],"version-history":[{"count":0,"href":"https:\/\/linitiative.ca\/International\/wp-json\/wp\/v2\/posts\/63680\/revisions"}],"wp:attachment":[{"href":"https:\/\/linitiative.ca\/International\/wp-json\/wp\/v2\/media?parent=63680"}],"wp:term":[{"taxonomy":"category","embeddable":true,"href":"https:\/\/linitiative.ca\/International\/wp-json\/wp\/v2\/categories?post=63680"},{"taxonomy":"post_tag","embeddable":true,"href":"https:\/\/linitiative.ca\/International\/wp-json\/wp\/v2\/tags?post=63680"}],"curies":[{"name":"wp","href":"https:\/\/api.w.org\/{rel}","templated":true}]}}