{"id":63681,"date":"2019-10-08T06:47:30","date_gmt":"2019-10-08T10:47:30","guid":{"rendered":"https:\/\/linitiative.ca\/International\/congres-de-la-region-souss-massa-du-pps\/"},"modified":"2019-10-08T06:47:30","modified_gmt":"2019-10-08T10:47:30","slug":"congres-de-la-region-souss-massa-du-pps","status":"publish","type":"post","link":"https:\/\/linitiative.ca\/International\/congres-de-la-region-souss-massa-du-pps\/","title":{"rendered":"Congr\u00e8s de la r\u00e9gion Souss Massa du PPS"},"content":{"rendered":"<p class=\"c3\"><strong><span class=\"c2\">Benabdallah: \u00abNous sommes \u00e0 l\u2019opposition, nous poursuivrons le chemin des r\u00e9formes!\u00bb<\/span><\/strong><\/p>\n<p class=\"c3\"><span class=\"c4\"><strong>Khalid El Medkouri \u00e9lu secr\u00e9taire r\u00e9gional<\/strong><\/span><\/p>\n<p class=\"c6\"><strong><span class=\"c5\">\u00ab<span class=\"c2\">A<\/span>ujourd\u2019hui, nous retournons \u00e0 l\u2019opposition, mais nous reviendrons plus forts \u00e0 l\u2019Ex\u00e9cutif !\u00bb, a d\u00e9clar\u00e9 le Secr\u00e9taire g\u00e9n\u00e9ral du PPS, Nabil Benabdallah, lors de la s\u00e9ance d\u2019ouverture du congr\u00e8s de la r\u00e9gion Souss Massa du parti, dimanche \u00e0 Agadir.<\/span><\/strong><\/p>\n<p class=\"c6\">D<strong><span class=\"c2\"><img loading=\"lazy\" decoding=\"async\" class=\" wp-image-81864 alignright\" src=\"http:\/\/albayane.press.ma\/wp-content\/uploads\/Khalid-El-Medkouri-230x130.png\" alt=\"\" width=\"175\" height=\"99\"\/><\/span><\/strong>evant une assistance de plus de 400 personnes, le SG a pris la parole\u00a0 pour la premi\u00e8re sortie du parti du Livre, apr\u00e8s son retrait du gouvernement, vendredi dernier. Le leader du PPS a, de prime abord, mis en exergue le parcours de plus de vingt ans de pr\u00e9sence du parti au sein du gouvernement, depuis le gouvernement conduit par Abderrahmane Youssoufi, appel\u00e9 commun\u00e9ment d\u2019\u00abalternance\u00bb. Ce long itin\u00e9raire de plus de deux d\u00e9cennies a connu une contribution notoire du PPS, \u00e0 travers les diff\u00e9rents portefeuilles dont il avait la charge.<\/p>\n<p class=\"c6\">\u00abNous avons fait preuve de beaucoup d\u2019engagement et de sinc\u00e9rit\u00e9 pendant toute cette p\u00e9riode, au service de la nation et du peuple, sans jamais faillir \u00e0 nos missions !\u00bb, a poursuivi Nabil Benabdallah, en mettant l\u2019accent sur l\u2019action des ministres PPS, depuis 1998, en harmonie avec la monarchie.<\/p>\n<p class=\"c6\">Apr\u00e8s ce discours inaugural du SG du parti, les congressistes ont par la suite, tenu leur congr\u00e8s r\u00e9gional, sous la pr\u00e9sidence des camarades Azzouz Senhaji et Khadija El Baz, membres du Bureau politique et coordinateurs de la r\u00e9gion Souss Massa.<\/p>\n<p class=\"c6\">Apr\u00e8s avoir \u00e9lu leur conseil r\u00e9gional, les militants des six provinces de la r\u00e9gion ont \u00e9lu \u00e0 l\u2019unanimit\u00e9 le camarade Khalid El Medkouri, secr\u00e9taire r\u00e9gional du PPS dans \u00e0 Souss Massa.<\/p>\n<p class=\"c6\">\u00abPendant toute cette p\u00e9riode, le PPS \u00e9tait le seul parti du mouvement national \u00e0 poursuivre le chemin des r\u00e9formes, avec fid\u00e9lit\u00e9 et d\u00e9termination, alors que les autres partenaires vont et reviennent, selon les consid\u00e9rations auxquelles ils se plient\u00bb, encha\u00eenait l\u2019intervenant, tout en insistant sur cette volont\u00e9 in\u00e9branlable de mettre en avant les performances aux plans \u00e9conomique et social.<\/p>\n<p class=\"c6\">Cependant, disait-il, ce dernier mandat du gouvernement, affect\u00e9 par un blocage, depuis le d\u00e9part, sombrait dans une d\u00e9ch\u00e9ance ahurissante, en raison de \u00a0son caract\u00e8re conflictuel et nonchalant qui a sans cesse marqu\u00e9 son \u00e9volution, en particulier entre le parti majoritaire et son outsider. Cette crise interne \u00e9tait un r\u00e9el handicap quant \u00e0 la concr\u00e9tisation de nombre de dossiers en suspens dans tous les domaines. \u00abNous avons mis en grade, depuis bien longtemps, toutes les composantes du gouvernement et plus sp\u00e9cialement son chef de file, face \u00e0 ce chaos qui entrave l\u2019action et l\u2019initiative de l\u2019Ex\u00e9cutif, toujours en otage de ses tiraillements interminables !\u00bb, souligne-t-il, en \u00e9voquant l\u2019appel ardent du PPS \u00e0 la n\u00e9cessit\u00e9 d\u2019un nouveau souffle d\u00e9mocratique, brandi il y a quelques temps bien avant le congr\u00e8s national, tenu au d\u00e9but mais 2018.<\/p>\n<p class=\"c6\">\u00abAucun \u00e9chos positif n\u2019est parvenu, en d\u00e9pit de nos insistances, car la situation ne faisait et ne fait qu\u2019empirer, plus particuli\u00e8rement en mati\u00e8re de portage politique qui fait d\u00e9faut dans un gouvernement atone et inerte !\u00bb, lan\u00e7ait-il \u00e0 l\u2019imposant public qui prend d\u2019assaut la salle archi-comble.<\/p>\n<p class=\"c6\"><img loading=\"lazy\" decoding=\"async\" class=\" wp-image-81863 alignright\" src=\"http:\/\/albayane.press.ma\/wp-content\/uploads\/5-12-230x130.jpg\" alt=\"\" width=\"223\" height=\"126\"\/>Dans le m\u00eame sillage, l\u2019orateur n\u2019a pas manqu\u00e9 de mettre l\u2019accent sur l\u2019\u00e9tat du pays qui s\u00e9vit toujours sous les affres du d\u00e9sarroi et de la tourmente. Presque l\u2019ensemble des populations endure les conditions atroces de la vie, notamment les franges les plus d\u00e9munies, mais aussi les couches moyennes. Le pays souffre des disparit\u00e9s sociales et territoriales qui ne cessent de s\u2019aggraver au fil du temps. L\u2019univers des entreprises se trouve dans l\u2019expectative depuis que les productions se rar\u00e9fient encore de plus belle et que la mauvaise r\u00e9partition des richesses fait enrichir une minorit\u00e9, \u00e0 travers la rente et ne fait qu\u2019appauvrir davantage les pauvres.<\/p>\n<p class=\"c6\">Par ailleurs, le Secr\u00e9taire g\u00e9n\u00e9ral du parti a conclu son argumentaire par dire que le parti \u00e9tait donc dans l\u2019obligation de se retirer du gouvernement car rien n\u2019est en mesure de l\u2019inciter \u00e0 y rester sans utilit\u00e9, devant tous ces d\u00e9ficits.<\/p>\n<p class=\"c6\">\u00abC\u2019est une d\u00e9cision que nous avons prise avec conscience et maturit\u00e9, car elle ne semble pas aller, dans ce tohu-bohu hallucinant. Nous retournons alors \u00e0 l\u2019opposition dans laquelle nous avions v\u00e9cu depuis plus de cinquante ans sans tr\u00eave, dans des conditions difficiles, marqu\u00e9es par la clandestinit\u00e9, l\u2019exil, la prison, l\u2019intimidation, l\u2019interdiction\u2026 !\u00bb, a encore affirm\u00e9 l\u2019orateur, tout en rappelant qu\u2019un parti politique aspire toujours \u00e0 acc\u00e9der au gouvernement pour y appliquer son programme d\u2019action.<\/p>\n<p class=\"c6\">Apr\u00e8s ce discours inaugural du SG du parti, les congressistes ont par la suite, tenu leur congr\u00e8s r\u00e9gional, sous la pr\u00e9sidence des camarades Azzouz Senhaji et Khadija El Baz, membres du Bureau politique et coordinateurs de la r\u00e9gion Souss Massa.<\/p>\n<p class=\"c6\">Apr\u00e8s avoir \u00e9lu le conseil r\u00e9gional, les militants des six provinces de la r\u00e9gion ont \u00e9lu \u00e0 l\u2019unanimit\u00e9 le camarade Khalid El Medkouri, secr\u00e9taire r\u00e9gional de Souss Massa.<\/p>\n<p class=\"c7\"><strong>Saoudi El Amalki<\/strong><\/p>\n<p>Auteur: M&rsquo;hammed rahal<br \/>\n<a href=\"http:\/\/albayane.press.ma\/congres-de-la-region-souss-massa-du-pps.html\">Cliquez ici pour lire l&rsquo;article depuis sa source.<\/a><\/p>\n","protected":false},"excerpt":{"rendered":"<p>Benabdallah: \u00abNous sommes \u00e0 l\u2019opposition, nous poursuivrons le chemin des r\u00e9formes!\u00bb Khalid El Medkouri \u00e9lu secr\u00e9taire r\u00e9gional \u00abAujourd\u2019hui, nous retournons \u00e0 l\u2019opposition, mais nous reviendrons plus forts \u00e0 l\u2019Ex\u00e9cutif !\u00bb, a d\u00e9clar\u00e9 le Secr\u00e9taire g\u00e9n\u00e9ral du PPS, Nabil Benabdallah, lors de la s\u00e9ance d\u2019ouverture du congr\u00e8s de la r\u00e9gion Souss Massa du parti, dimanche \u00e0 [&hellip;]<\/p>\n","protected":false},"author":1760,"featured_media":63682,"comment_status":"closed","ping_status":"closed","sticky":false,"template":"","format":"standard","meta":{"fifu_image_url":"","fifu_image_alt":"","footnotes":""},"categories":[73,54],"tags":[],"class_list":["post-63681","post","type-post","status-publish","format-standard","has-post-thumbnail","hentry","category-actualite","category-maroc"],"_links":{"self":[{"href":"https:\/\/linitiative.ca\/International\/wp-json\/wp\/v2\/posts\/63681","targetHints":{"allow":["GET"]}}],"collection":[{"href":"https:\/\/linitiative.ca\/International\/wp-json\/wp\/v2\/posts"}],"about":[{"href":"https:\/\/linitiative.ca\/International\/wp-json\/wp\/v2\/types\/post"}],"author":[{"embeddable":true,"href":"https:\/\/linitiative.ca\/International\/wp-json\/wp\/v2\/users\/1760"}],"replies":[{"embeddable":true,"href":"https:\/\/linitiative.ca\/International\/wp-json\/wp\/v2\/comments?post=63681"}],"version-history":[{"count":0,"href":"https:\/\/linitiative.ca\/International\/wp-json\/wp\/v2\/posts\/63681\/revisions"}],"wp:featuredmedia":[{"embeddable":true,"href":"https:\/\/linitiative.ca\/International\/wp-json\/"}],"wp:attachment":[{"href":"https:\/\/linitiative.ca\/International\/wp-json\/wp\/v2\/media?parent=63681"}],"wp:term":[{"taxonomy":"category","embeddable":true,"href":"https:\/\/linitiative.ca\/International\/wp-json\/wp\/v2\/categories?post=63681"},{"taxonomy":"post_tag","embeddable":true,"href":"https:\/\/linitiative.ca\/International\/wp-json\/wp\/v2\/tags?post=63681"}],"curies":[{"name":"wp","href":"https:\/\/api.w.org\/{rel}","templated":true}]}}