{"id":63683,"date":"2019-10-08T06:53:46","date_gmt":"2019-10-08T10:53:46","guid":{"rendered":"https:\/\/linitiative.ca\/International\/une-region-fluorescente\/"},"modified":"2019-10-08T06:53:46","modified_gmt":"2019-10-08T10:53:46","slug":"une-region-fluorescente","status":"publish","type":"post","link":"https:\/\/linitiative.ca\/International\/une-region-fluorescente\/","title":{"rendered":"Une r\u00e9gion fluorescente!"},"content":{"rendered":"<p class=\"c4\"><strong><span class=\"c3\"><span class=\"c2\">O<\/span>n ne le dira jamais assez! Depuis d\u00e9j\u00e0 quelques temps, la r\u00e9gion Souss Massa, sous l\u2019impulsion du Wali et l\u2019ensemble de composantes des secteurs n\u00e9vralgiques, se d\u00e9m\u00e8nent activement pour booster une entit\u00e9 r\u00e9gionale, \u00e0 moult niveaux.<\/span><\/strong><\/p>\n<p class=\"c4\">En fait, il ne fait pas de doute qu\u2019avec cette dynamique volontariste, il semble que le v\u0153u royal de dynamiser les multiples \u00a0aspects de l\u2019\u00e9conomie r\u00e9gionale est en passe de se concr\u00e9tiser \u00e0 merveille. Au moment o\u00f9 certaines r\u00e9gions sombrent dans le conflit et la d\u00e9perdition, celle du Souss Massa excelle dans la progression, sous les bienfaits de la sagesse et le sens de la mesure. Hier encore, \u00e0 l\u2019occasion de la tenue de la session du conseil r\u00e9gional \u00e0 Tiznit, histoire de diversifier les lieux de d\u00e9lib\u00e9rations sur toutes les provinces de la r\u00e9gion, l\u2019\u00e9change se d\u00e9roule dans la s\u00e9r\u00e9nit\u00e9 et la maturit\u00e9 au service de cet immense espace et ses populations. Il n\u2019y a donc pas de secret \u00e0 cette \u00e9closion qui est impr\u00e8gne aussi bien les esprits que les c\u0153urs.<\/p>\n<p class=\"c4\">Tout d\u2019abord, on ne peut passer sous silence cette harmonie qui ne cesse de se caract\u00e9riser autour d\u2019une multitude de projets tant achev\u00e9 qu\u2019en voix de finition dans nombre de secteur. Le volet des investissements qui repr\u00e9sente le nerf de guerre de cette effervescence semble exploser, drainant en perspective une myriade de r\u00e9alisations de tout acabit. Les secteurs n\u00e9vralgiques tels l\u2019axe agricole, l\u2019industrie touristique, le flux urbanistique et bien d\u2019autres, se mettent \u00e0 pied d\u2019\u0153uvre pour installer de prime abord, un climat de confiance et de mise en marche, \u00e0 bien des \u00e9gards.<\/p>\n<p class=\"c4\">En effet, la capitale du Souss s\u2019adjuge la part du lion de ce sursaut salutaire, depuis l\u2019arriv\u00e9e du chef de file, il y a un peu plus de deux ann\u00e9es. Toutefois, le souci d\u2019int\u00e9gration de toutes les constituantes de la r\u00e9gion se fait valoir en terme de d\u00e9veloppement global et p\u00e9renne. A l\u2019image de la ville de Taroudant, \u00e0 titre d\u2019exemple, qui, par le biais de son gouverneur, aussi g\u00e9n\u00e9reux qu\u2019humble, est en passe d\u2019accomplir des exploits \u00e0 \u00a0cette ville imp\u00e9riale au trait modeste et conviviale\u2026<\/p>\n<p class=\"c4\">Il s\u2019av\u00e8re alors judicieux et opportun que le pouvoir public se convainque de cette m\u00e9tamorphose qui s\u2019installe dans les veines d\u2019une r\u00e9gion \u00e9panouie et pr\u00eate \u00e0 recevoir le flot de fonds de Rabat pour r\u00e9compenser, les acteurs directs de cet \u00a0l\u2019effort consid\u00e9rable qui s\u2019y produit, dans la synergie et la symbiose et, de l\u00e0, redorer le blason d\u2019une ville.<\/p>\n<p class=\"c4\">Ce ne serait qu\u2019acte de justice et d\u2019\u00e9quit\u00e9 envers une r\u00e9gion qui donne beaucoup plus qu\u2019elle n\u2019en re\u00e7oit, en mati\u00e8re de productions et de revenus en devises et en nature!<\/p>\n<p>Auteur: M&rsquo;hammed rahal<br \/>\n<a href=\"http:\/\/albayane.press.ma\/une-region-fluorescente.html\">Cliquez ici pour lire l&rsquo;article depuis sa source.<\/a><\/p>\n","protected":false},"excerpt":{"rendered":"<p>On ne le dira jamais assez! Depuis d\u00e9j\u00e0 quelques temps, la r\u00e9gion Souss Massa, sous l\u2019impulsion du Wali et l\u2019ensemble de composantes des secteurs n\u00e9vralgiques, se d\u00e9m\u00e8nent activement pour booster une entit\u00e9 r\u00e9gionale, \u00e0 moult niveaux. En fait, il ne fait pas de doute qu\u2019avec cette dynamique volontariste, il semble que le v\u0153u royal de [&hellip;]<\/p>\n","protected":false},"author":1760,"featured_media":0,"comment_status":"closed","ping_status":"closed","sticky":false,"template":"","format":"standard","meta":{"fifu_image_url":"","fifu_image_alt":"","footnotes":""},"categories":[73,54],"tags":[],"class_list":["post-63683","post","type-post","status-publish","format-standard","hentry","category-actualite","category-maroc"],"_links":{"self":[{"href":"https:\/\/linitiative.ca\/International\/wp-json\/wp\/v2\/posts\/63683","targetHints":{"allow":["GET"]}}],"collection":[{"href":"https:\/\/linitiative.ca\/International\/wp-json\/wp\/v2\/posts"}],"about":[{"href":"https:\/\/linitiative.ca\/International\/wp-json\/wp\/v2\/types\/post"}],"author":[{"embeddable":true,"href":"https:\/\/linitiative.ca\/International\/wp-json\/wp\/v2\/users\/1760"}],"replies":[{"embeddable":true,"href":"https:\/\/linitiative.ca\/International\/wp-json\/wp\/v2\/comments?post=63683"}],"version-history":[{"count":0,"href":"https:\/\/linitiative.ca\/International\/wp-json\/wp\/v2\/posts\/63683\/revisions"}],"wp:attachment":[{"href":"https:\/\/linitiative.ca\/International\/wp-json\/wp\/v2\/media?parent=63683"}],"wp:term":[{"taxonomy":"category","embeddable":true,"href":"https:\/\/linitiative.ca\/International\/wp-json\/wp\/v2\/categories?post=63683"},{"taxonomy":"post_tag","embeddable":true,"href":"https:\/\/linitiative.ca\/International\/wp-json\/wp\/v2\/tags?post=63683"}],"curies":[{"name":"wp","href":"https:\/\/api.w.org\/{rel}","templated":true}]}}