{"id":63685,"date":"2019-10-08T07:54:57","date_gmt":"2019-10-08T11:54:57","guid":{"rendered":"https:\/\/linitiative.ca\/International\/registre-national-des-entreprises-comment-decuire-au-maximum-le-montant-des-penalites-de-retard\/"},"modified":"2019-10-08T07:54:57","modified_gmt":"2019-10-08T11:54:57","slug":"registre-national-des-entreprises-comment-decuire-au-maximum-le-montant-des-penalites-de-retard","status":"publish","type":"post","link":"https:\/\/linitiative.ca\/International\/registre-national-des-entreprises-comment-decuire-au-maximum-le-montant-des-penalites-de-retard\/","title":{"rendered":"REGISTRE NATIONAL DES ENTREPRISES  : COMMENT D\u00c9CUIRE AU MAXIMUM LE MONTANT DES P\u00c9NALIT\u00c9S DE RETARD ?"},"content":{"rendered":"<div class=\"wp-block-image\"><img loading=\"lazy\" decoding=\"async\" src=\"http:\/\/lexpertjournal.net\/fr\/wp-content\/uploads\/sites\/2\/2019\/10\/Capture.jpg\" alt=\"\" class=\"wp-image-10051\" width=\"179\" height=\"169\"\/><strong><em>Par :Amine BEN GAMRA<br \/>Expert comptable<\/em><\/strong><em><br \/><\/em><strong><em>Commissaire aux comptes<br \/><\/em><\/strong><\/div>\n<p>Le JORT N\u00b089 du 6 novembre 2018 a publi\u00e9 la loi 2018-52 du 29 octobre 2018 relative au Registre National des Entreprises (RNE) .<\/p>\n<p>Cette nouvelle loi est d\u2019application obligatoire \u00e0 partir du 06\/02\/2019 pour toutes les entit\u00e9s \u00e9conomiques : personnes morales, personnes physiques, associations, organisations, \u00e9tablissements stables, etc. D\u00e9sormais, doivent \u00eatre d\u00e9pos\u00e9s au RNE tous les documents suivants :<\/p>\n<p>\u25aa les PV\u2019s ou actes modifiant le management de l\u2019entreprise .<\/p>\n<p>\u25aa les PV\u2019s ou actes modifiant le si\u00e8ge social<\/p>\n<p>\u25aa les PV\u2019s ou actes ajoutant un \u00e9tablissement secondaire<\/p>\n<p>\u25aa les PV\u2019s du C.A et A.G relatifs \u00e0 la modification du capital. \u25aa les \u00e9tats financiers<\/p>\n<p>\u25aa les rapports des commissaires aux comptes<\/p>\n<p>\u25aa une liste actualis\u00e9e des associ\u00e9s et actionnaires, \u00e0 la date de l\u2019AGO<\/p>\n<p>\u25aa une liste actualis\u00e9e des dirigeants.<\/p>\n<p>\u25aa toutes les donn\u00e9es d\u00e9terminant l\u2019identit\u00e9 des b\u00e9n\u00e9ficiaires effectifs.<\/p>\n<p>\u25aa toutes les donn\u00e9es d\u00e9terminant l\u2019identit\u00e9 des membres des organes d\u2019organisation et de surveillance.<\/p>\n<p>Les entit\u00e9s d\u00e9j\u00e0 enregistr\u00e9es au Registre du Commerce doivent actualiser leurs dossiers aupr\u00e8s de la R.N.E avant le 10\/09\/2019 (d\u00e9p\u00f4t des \u00e9tats financiers et d\u00e9claration du b\u00e9n\u00e9ficiaire effectif). A d\u00e9faut, elles seront sanctionn\u00e9es par une p\u00e9nalit\u00e9 de retard de 50% du montant d\u00fb, par mois ou fraction de mois. Par ailleurs, pour ceux qui non pas r\u00e9gularis\u00e9 leur situation, il y a lieu de proc\u00e9d\u00e9 \u00e0 l\u2019actualisation de leurs dossiers aupr\u00e8s de la R.N.E au plus t\u00f4t possible afin de r\u00e9duire au maximum le montant des p\u00e9nalit\u00e9s des retards.<\/p>\n<p class=\"dpsp-share-text\">Partager c&rsquo;est aimer!<\/p>\n<div class=\"wp-post-author-wrap wp-post-author-shortcode left\">\n<h3 class=\"awpa-title\"\/>\n<div class=\"wp-post-author\">\n<div class=\"awpa-img awpa-author-block square\"><a href=\"http:\/\/lexpertjournal.net\/fr\/author\/expert\/\"><img loading=\"lazy\" decoding=\"async\" alt=\"\" src=\"http:\/\/2.gravatar.com\/avatar\/56d99be2a6f97af88ccb49fada637fcd?s=150&#038;d=mm&#038;r=g\" srcset=\"http:\/\/2.gravatar.com\/avatar\/56d99be2a6f97af88ccb49fada637fcd?s=300&#038;d=mm&#038;r=g 2x\" class=\"avatar avatar-150 photo\" height=\"150\" width=\"150\"\/><\/a><\/div>\n<\/div>\n<\/div>\n<p>Auteur: L&rsquo;expert<br \/>\n<a href=\"http:\/\/lexpertjournal.net\/fr\/2019\/10\/08\/registre-national-des-entreprises-comment-decuire-au-maximum-le-montant-des-penalites-de-retard\/\">Cliquez ici pour lire l&rsquo;article depuis sa source.<\/a><\/p>\n","protected":false},"excerpt":{"rendered":"<p>Par :Amine BEN GAMRAExpert comptableCommissaire aux comptes Le JORT N\u00b089 du 6 novembre 2018 a publi\u00e9 la loi 2018-52 du 29 octobre 2018 relative au Registre National des Entreprises (RNE) . Cette nouvelle loi est d\u2019application obligatoire \u00e0 partir du 06\/02\/2019 pour toutes les entit\u00e9s \u00e9conomiques : personnes morales, personnes physiques, associations, organisations, \u00e9tablissements stables, [&hellip;]<\/p>\n","protected":false},"author":1775,"featured_media":63686,"comment_status":"closed","ping_status":"closed","sticky":false,"template":"","format":"standard","meta":{"fifu_image_url":"","fifu_image_alt":"","footnotes":""},"categories":[78,55],"tags":[],"class_list":["post-63685","post","type-post","status-publish","format-standard","has-post-thumbnail","hentry","category-economie","category-tunisie"],"_links":{"self":[{"href":"https:\/\/linitiative.ca\/International\/wp-json\/wp\/v2\/posts\/63685","targetHints":{"allow":["GET"]}}],"collection":[{"href":"https:\/\/linitiative.ca\/International\/wp-json\/wp\/v2\/posts"}],"about":[{"href":"https:\/\/linitiative.ca\/International\/wp-json\/wp\/v2\/types\/post"}],"author":[{"embeddable":true,"href":"https:\/\/linitiative.ca\/International\/wp-json\/wp\/v2\/users\/1775"}],"replies":[{"embeddable":true,"href":"https:\/\/linitiative.ca\/International\/wp-json\/wp\/v2\/comments?post=63685"}],"version-history":[{"count":0,"href":"https:\/\/linitiative.ca\/International\/wp-json\/wp\/v2\/posts\/63685\/revisions"}],"wp:featuredmedia":[{"embeddable":true,"href":"https:\/\/linitiative.ca\/International\/wp-json\/"}],"wp:attachment":[{"href":"https:\/\/linitiative.ca\/International\/wp-json\/wp\/v2\/media?parent=63685"}],"wp:term":[{"taxonomy":"category","embeddable":true,"href":"https:\/\/linitiative.ca\/International\/wp-json\/wp\/v2\/categories?post=63685"},{"taxonomy":"post_tag","embeddable":true,"href":"https:\/\/linitiative.ca\/International\/wp-json\/wp\/v2\/tags?post=63685"}],"curies":[{"name":"wp","href":"https:\/\/api.w.org\/{rel}","templated":true}]}}