{"id":63687,"date":"2019-10-08T10:22:08","date_gmt":"2019-10-08T14:22:08","guid":{"rendered":"https:\/\/linitiative.ca\/International\/63687-2\/"},"modified":"2019-10-08T10:22:08","modified_gmt":"2019-10-08T14:22:08","slug":"63687-2","status":"publish","type":"post","link":"https:\/\/linitiative.ca\/International\/63687-2\/","title":{"rendered":""},"content":{"rendered":"<p>L\u2019ONG italienne CIES, l\u2019UTSS et tous leurs partenaires locaux\u00a0\u00a0\u00a0\u00a0 et internationaux, en collaboration avec la Chambre Tuniso-Italienne \u00a0de Commerce et d\u2019Industrie (CTICI) et l\u2019ANETI, organisent le salon \u201dJob\u2019in. Pass pour l\u2019emploi\u201d, et ce, le mercredi 23 octobre 2019 \u00e0 l\u2019h\u00f4tel Golden Tulip El Mechtel, \u00e0 partir de 9h du matin.<\/p>\n<p>Ce salon de l\u2019emploi s\u2019inscrit dans le cadre du projet PINSEC \u201dJeunes, femmes\u00a0\u00a0\u00a0 et migrants\u00a0: parcours d\u2019inclusion sociale et \u00e9conomique en Tunisie\u201d \u00a0\u00a0\u00a0\u00a0qui est cofinanc\u00e9 par l\u2019AICS.<\/p>\n<table class=\"wp-block-table\">\n<tbody>\n<tr>\n<td><strong>Plus de 200 entretiens d\u2019embauche<\/strong><\/td>\n<\/tr>\n<\/tbody>\n<\/table>\n<p>Ce Salon est une opportunit\u00e9 qui met en contact direct plus d\u2019une vingtaine d\u2019entreprises, en qu\u00eate de comp\u00e9tences dans diff\u00e9rents secteurs d\u2019activit\u00e9s (services, industrie, textile, etc.), avec les demandeurs d\u2019emplois.<\/p>\n<p>Ce Job Dating permettra \u00e0 plus d\u2019une cinquantaine de candidats de signer leurs contrats d\u2019embauche.<\/p>\n<p><strong>Une plateforme de mismatching<\/strong><\/p>\n<p>Afin de faciliter la gestion des offres d\u2019emploi et des candidatures \u00e0 travers un Matching des profils et des postes offerts, une plateforme digitale a \u00e9t\u00e9 cr\u00e9\u00e9e.<\/p>\n<p>Elle permettra \u00e9galement l\u2019organisation automatique du calendrier des entretiens suivant les CVs pr\u00e9s\u00e9lectionn\u00e9s par les entreprises.<\/p>\n<p>Gr\u00e2ce \u00e0 cette technologie, les chercheurs d\u2019emploi d\u00e9posent leurs candidatures selon le format figurant au niveau de la plateforme <a href=\"http:\/\/www.jobin-tunisie.tn\">www.jobin-tunisie.tn<\/a> du 18 septembre jusqu\u2019au 13 octobre 2019.<\/p>\n<p>Les offres d\u2019emploi sont \u00e9galement disponibles sur la page Facebook du projet PINSEC via le lien suivant\u00a0: <a href=\"https:\/\/www.facebook.com\/events\/426787424625388\/\">https:\/\/www.facebook.com\/events\/426787424625388\/<\/a><\/p>\n<p>En suivant cette m\u00e9thode de candidature, les chercheurs d\u2019emploi d\u00e9posent leurs CVs via Google forms en acc\u00e9dant au lien suivant\u00a0: <a rel=\"noreferrer noopener\" href=\"https:\/\/forms.gle\/p8C7qskmWyzpFTrM6\" target=\"_blank\">https:\/\/forms.gle\/p8C7qskmWyzpFTrM6<\/a><\/p>\n<p><strong>Se pr\u00e9parer \u00e0 l\u2019entretien d\u2019embauche<\/strong><\/p>\n<p>Tout candidat pr\u00e9s\u00e9lectionn\u00e9 recevra une notification pour participer \u00e0 une formation de pr\u00e9paration \u00e0 l\u2019entretien d\u2019embauche selon un calendrier d\u00e9fini<\/p>\n<p>Tout candidat pr\u00e9s\u00e9lectionn\u00e9 recevra une notification pour participer \u00e0 une formation de pr\u00e9paration \u00e0 l\u2019entretien d\u2019embauche selon un calendrier d\u00e9fini dans la p\u00e9riode du <strong>14 au 18 octobre<\/strong> 2019 au HUB Dar El Ourabi \u00e0 la Manouba, avec des experts confirm\u00e9s de l\u2019ANETI.<\/p>\n<p>Cette formation aidera les candidats \u00e0 mieux pr\u00e9senter leurs parcours professionnels gr\u00e2ce \u00e0 diff\u00e9rentes simulations d\u2019entretiens. Elle leur permettra d\u2019\u00eatre plus \u00e0 l\u2019aise dans les \u00e9changes avec les recruteurs et de renforcer ainsi la confiance en soi.<\/p>\n<p><strong>L\u2019entretien d\u2019embauche<\/strong><\/p>\n<table class=\"wp-block-table\">\n<tbody>\n<tr>\n<td>Un espace d\u2019information et d\u2019orientation<\/td>\n<\/tr>\n<\/tbody>\n<\/table>\n<p>Chaque candidat, pr\u00e9s\u00e9lectionn\u00e9 par une ou plusieurs entreprises, sera convoqu\u00e9 \u00e0 un entretien d\u2019embauche qui se d\u00e9roulera le jour du salon \u201dJob\u2019in\u201d, le <strong>23 octobre<\/strong> 2019, \u00e0 l\u2019h\u00f4tel El Mechtel \u00e0 Tunis.<\/p>\n<p>C\u2019est un moment tr\u00e8s important qui permettra au candidat de mettre en avant son exp\u00e9rience, ses comp\u00e9tences et sa personnalit\u00e9 \u00e0 travers la description de son parcours professionnel et gr\u00e2ce \u00e0 la formation de pr\u00e9paration qu\u2019il a eue dans le cadre du salon <strong>\u201dJob\u2019in\u201d<\/strong>.<\/p>\n<p><strong>Formation en soft skills<\/strong><\/p>\n<p>Les candidats retenus suite \u00e0 l\u2019entretien d\u2019embauche suivront un parcours\u00a0\u00a0\u00a0 de formation en Soft-Skills qui a pour objectifs de\u00a0:<\/p>\n<ul>\n<li>Doter les jeunes recrus des aptitudes de base en mati\u00e8re de Communication<\/li>\n<li>Am\u00e9liorer leur communication interpersonnelle en toutes circonstances<\/li>\n<li>Am\u00e9liorer leurs comp\u00e9tences dans la gestion des conflits et dans la gestion du stress.<\/li>\n<\/ul>\n<table class=\"wp-block-table\">\n<tbody>\n<tr>\n<td>Des formations pr\u00e9 et post salon<\/td>\n<\/tr>\n<\/tbody>\n<\/table>\n<p><strong>Plus qu\u2019un simple salon d\u2019emploi<\/strong><\/p>\n<p>Les organisateurs ont pens\u00e9 \u00e9galement consacrer un temps d\u2019\u00e9change\u00a0\u00a0et de d\u00e9bat autour de toute initiative lanc\u00e9e pour soutenir et d\u00e9velopper l\u2019emploi. Ainsi, un Panel autour de la th\u00e9matique \u00ab Les bonnes pratiques innovantes dans le rapprochement entre offres et demandes d\u2019emplois \u00bb sera organis\u00e9 en marge des rencontres B2B entre entreprises et candidats.<\/p>\n<p>A l\u2019issue de ce panel, les jeunes assisteront \u00e0 des ateliers dans le but \u00a0\u00a0\u00a0de les inciter \u00e0 adopter une attitude dynamique et proactive dans leur recherche et \u00e0 d\u00e9velopper leurs atouts pour un meilleur acc\u00e8s au march\u00e9 de l\u2019emploi. \u00a0Le lien d\u2019inscription pour les diff\u00e9rents ateliers sera communiqu\u00e9, dans les jours \u00e0 venir, sur la page Facebook du projet PINSEC\u00a0: PINSEC.cies.tn.<\/p>\n<p>En outre, un p\u00f4le institutionnel sera plac\u00e9 \u00e0 l\u2019accueil du salon afin d\u2019informer \u00a0\u00a0et orienter les jeunes vers les services et opportunit\u00e9s facilitant l\u2019acc\u00e8s \u00e0 l\u2019emploi.<\/p>\n<p class=\"dpsp-share-text\">Partager c&rsquo;est aimer!<\/p>\n<div class=\"wp-post-author-wrap wp-post-author-shortcode left\">\n<h3 class=\"awpa-title\"\/>\n<div class=\"wp-post-author\">\n<div class=\"awpa-img awpa-author-block square\"><a href=\"http:\/\/lexpertjournal.net\/fr\/author\/expert\/\"><img loading=\"lazy\" decoding=\"async\" alt=\"\" src=\"http:\/\/2.gravatar.com\/avatar\/56d99be2a6f97af88ccb49fada637fcd?s=150&#038;d=mm&#038;r=g\" srcset=\"http:\/\/2.gravatar.com\/avatar\/56d99be2a6f97af88ccb49fada637fcd?s=300&#038;d=mm&#038;r=g 2x\" class=\"avatar avatar-150 photo\" height=\"150\" width=\"150\"\/><\/a><\/div>\n<\/div>\n<\/div>\n<p>Auteur: L&rsquo;expert<br \/>\n<a href=\"http:\/\/lexpertjournal.net\/fr\/2019\/10\/08\/10055\/\">Cliquez ici pour lire l&rsquo;article depuis sa source.<\/a><\/p>\n","protected":false},"excerpt":{"rendered":"<p>L\u2019ONG italienne CIES, l\u2019UTSS et tous leurs partenaires locaux\u00a0\u00a0\u00a0\u00a0 et internationaux, en collaboration avec la Chambre Tuniso-Italienne \u00a0de Commerce et d\u2019Industrie (CTICI) et l\u2019ANETI, organisent le salon \u201dJob\u2019in. Pass pour l\u2019emploi\u201d, et ce, le mercredi 23 octobre 2019 \u00e0 l\u2019h\u00f4tel Golden Tulip El Mechtel, \u00e0 partir de 9h du matin. Ce salon de l\u2019emploi s\u2019inscrit [&hellip;]<\/p>\n","protected":false},"author":1775,"featured_media":0,"comment_status":"closed","ping_status":"closed","sticky":false,"template":"","format":"standard","meta":{"fifu_image_url":"","fifu_image_alt":"","footnotes":""},"categories":[78,55],"tags":[],"class_list":["post-63687","post","type-post","status-publish","format-standard","hentry","category-economie","category-tunisie"],"_links":{"self":[{"href":"https:\/\/linitiative.ca\/International\/wp-json\/wp\/v2\/posts\/63687","targetHints":{"allow":["GET"]}}],"collection":[{"href":"https:\/\/linitiative.ca\/International\/wp-json\/wp\/v2\/posts"}],"about":[{"href":"https:\/\/linitiative.ca\/International\/wp-json\/wp\/v2\/types\/post"}],"author":[{"embeddable":true,"href":"https:\/\/linitiative.ca\/International\/wp-json\/wp\/v2\/users\/1775"}],"replies":[{"embeddable":true,"href":"https:\/\/linitiative.ca\/International\/wp-json\/wp\/v2\/comments?post=63687"}],"version-history":[{"count":0,"href":"https:\/\/linitiative.ca\/International\/wp-json\/wp\/v2\/posts\/63687\/revisions"}],"wp:attachment":[{"href":"https:\/\/linitiative.ca\/International\/wp-json\/wp\/v2\/media?parent=63687"}],"wp:term":[{"taxonomy":"category","embeddable":true,"href":"https:\/\/linitiative.ca\/International\/wp-json\/wp\/v2\/categories?post=63687"},{"taxonomy":"post_tag","embeddable":true,"href":"https:\/\/linitiative.ca\/International\/wp-json\/wp\/v2\/tags?post=63687"}],"curies":[{"name":"wp","href":"https:\/\/api.w.org\/{rel}","templated":true}]}}