{"id":63697,"date":"2019-10-08T11:51:00","date_gmt":"2019-10-08T15:51:00","guid":{"rendered":"https:\/\/linitiative.ca\/International\/le-rcd-denonce-la-violence-contre-les-manifestants\/"},"modified":"2019-10-08T11:51:00","modified_gmt":"2019-10-08T15:51:00","slug":"le-rcd-denonce-la-violence-contre-les-manifestants","status":"publish","type":"post","link":"https:\/\/linitiative.ca\/International\/le-rcd-denonce-la-violence-contre-les-manifestants\/","title":{"rendered":"Le RCD d\u00e9nonce la violence contre les manifestants"},"content":{"rendered":"<div id=\"originalText\" readability=\"61\">\n<p>Le RCD a r\u00e9agi, ce mardi, aux multiples arrestations qui ont eu lieu, aujourd\u2019hui, durant la 33e marche des \u00e9tudiants \u00e0 Alger.<\/p>\n<p>Dans un communiqu\u00e9, le parti de Mohcine Belabbas a indiqu\u00e9 que \u00ab des dizaines d&rsquo;arrestations parmi les manifestants et de nombreux bless\u00e9s ont \u00e9t\u00e9 enregistr\u00e9s \u00bb, lors des \u00ab \u00ab marches pacifiques hebdomadaires des \u00e9tudiants qui\u00a0\u00a0viennent d&rsquo;\u00eatre r\u00e9prim\u00e9es brutalement par la police, notamment \u00e0 Alger et Bordj Bou Arreridj \u00bb.<\/p>\n<p>\u00ab Face \u00e0 la d\u00e9termination de la communaut\u00e9 universitaire \u00e0 continuer la mobilisation jusqu&rsquo;au d\u00e9part du syst\u00e8me et de ses symboles, le pouvoir recourt, une fois de plus, \u00e0 la violence \u00bb, rel\u00e8ve le RCD. Pour le parti \u00ab cette escalade \u00bb renseigne sur \u00ab la panique du r\u00e9gime et son incapacit\u00e9 \u00e0 asseoir un dialogue pouvant sortir le pays d&rsquo;une crise que seul le peuple alg\u00e9rien peut d\u00e9nouer par son choix souverain en dehors des agendas d\u00e9clar\u00e9s ou cach\u00e9s du vice-ministre \u00bb.<\/p>\n<p>Aussi, le Rassemblement d\u00e9nonce \u00ab l&rsquo;usage de la violence contre des manifestants pacifiques et exige la lib\u00e9ration de toutes les personnes interpell\u00e9es par les forces de r\u00e9pression \u00bb,\u00a0\u00a0et\u00a0\u00a0appelle \u00ab les Alg\u00e9riennes et les Alg\u00e9riens \u00e0 demeurer mobilis\u00e9s et \u00e0 intensifier et diversifier les luttes pacifiques pour l&rsquo;av\u00e8nement d&rsquo;une transition d\u00e9mocratique \u00bb.<\/p>\n<p class=\"c10\"><strong>\u00a0Sihem Benmalek<\/strong><\/p>\n<\/div>\n<div id=\"text_core\" readability=\"61\">\n<p>Le RCD a r\u00e9agi, ce mardi, aux multiples arrestations qui ont eu lieu, aujourd\u2019hui, durant la 33e marche des \u00e9tudiants \u00e0 Alger.<\/p>\n<p>Dans un communiqu\u00e9, le parti de Mohcine Belabbas a indiqu\u00e9 que \u00ab des dizaines d&rsquo;arrestations parmi les manifestants et de nombreux bless\u00e9s ont \u00e9t\u00e9 enregistr\u00e9s \u00bb, lors des \u00ab \u00ab marches pacifiques hebdomadaires des \u00e9tudiants qui\u00a0\u00a0viennent d&rsquo;\u00eatre r\u00e9prim\u00e9es brutalement par la police, notamment \u00e0 Alger et Bordj Bou Arreridj \u00bb.<\/p>\n<p>\u00ab Face \u00e0 la d\u00e9termination de la communaut\u00e9 universitaire \u00e0 continuer la mobilisation jusqu&rsquo;au d\u00e9part du syst\u00e8me et de ses symboles, le pouvoir recourt, une fois de plus, \u00e0 la violence \u00bb, rel\u00e8ve le RCD. Pour le parti \u00ab cette escalade \u00bb renseigne sur \u00ab la panique du r\u00e9gime et son incapacit\u00e9 \u00e0 asseoir un dialogue pouvant sortir le pays d&rsquo;une crise que seul le peuple alg\u00e9rien peut d\u00e9nouer par son choix souverain en dehors des agendas d\u00e9clar\u00e9s ou cach\u00e9s du vice-ministre \u00bb.<\/p>\n<p>Aussi, le Rassemblement d\u00e9nonce \u00ab l&rsquo;usage de la violence contre des manifestants pacifiques et exige la lib\u00e9ration de toutes les personnes interpell\u00e9es par les forces de r\u00e9pression \u00bb,\u00a0\u00a0et\u00a0\u00a0appelle \u00ab les Alg\u00e9riennes et les Alg\u00e9riens \u00e0 demeurer mobilis\u00e9s et \u00e0 intensifier et diversifier les luttes pacifiques pour l&rsquo;av\u00e8nement d&rsquo;une transition d\u00e9mocratique \u00bb.<\/p>\n<p class=\"c10\"><strong>\u00a0Sihem Benmalek<\/strong><\/p>\n<\/div>\n<p>Auteur:<br \/>\n<a href=\"https:\/\/www.liberte-algerie.com\/actualite\/le-rcd-denonce-la-violence-contre-les-manifestants-325572\">Cliquez ici pour lire l&rsquo;article depuis sa source.<\/a><\/p>\n","protected":false},"excerpt":{"rendered":"<p>Le RCD a r\u00e9agi, ce mardi, aux multiples arrestations qui ont eu lieu, aujourd\u2019hui, durant la 33e marche des \u00e9tudiants \u00e0 Alger. Dans un communiqu\u00e9, le parti de Mohcine Belabbas a indiqu\u00e9 que \u00ab des dizaines d&rsquo;arrestations parmi les manifestants et de nombreux bless\u00e9s ont \u00e9t\u00e9 enregistr\u00e9s \u00bb, lors des \u00ab \u00ab marches pacifiques hebdomadaires [&hellip;]<\/p>\n","protected":false},"author":1742,"featured_media":0,"comment_status":"closed","ping_status":"closed","sticky":false,"template":"","format":"standard","meta":{"fifu_image_url":"","fifu_image_alt":"","footnotes":""},"categories":[73,53],"tags":[],"class_list":["post-63697","post","type-post","status-publish","format-standard","hentry","category-actualite","category-algerie"],"_links":{"self":[{"href":"https:\/\/linitiative.ca\/International\/wp-json\/wp\/v2\/posts\/63697","targetHints":{"allow":["GET"]}}],"collection":[{"href":"https:\/\/linitiative.ca\/International\/wp-json\/wp\/v2\/posts"}],"about":[{"href":"https:\/\/linitiative.ca\/International\/wp-json\/wp\/v2\/types\/post"}],"author":[{"embeddable":true,"href":"https:\/\/linitiative.ca\/International\/wp-json\/wp\/v2\/users\/1742"}],"replies":[{"embeddable":true,"href":"https:\/\/linitiative.ca\/International\/wp-json\/wp\/v2\/comments?post=63697"}],"version-history":[{"count":0,"href":"https:\/\/linitiative.ca\/International\/wp-json\/wp\/v2\/posts\/63697\/revisions"}],"wp:attachment":[{"href":"https:\/\/linitiative.ca\/International\/wp-json\/wp\/v2\/media?parent=63697"}],"wp:term":[{"taxonomy":"category","embeddable":true,"href":"https:\/\/linitiative.ca\/International\/wp-json\/wp\/v2\/categories?post=63697"},{"taxonomy":"post_tag","embeddable":true,"href":"https:\/\/linitiative.ca\/International\/wp-json\/wp\/v2\/tags?post=63697"}],"curies":[{"name":"wp","href":"https:\/\/api.w.org\/{rel}","templated":true}]}}