{"id":63698,"date":"2019-10-08T11:56:00","date_gmt":"2019-10-08T15:56:00","guid":{"rendered":"https:\/\/linitiative.ca\/International\/le-personnel-de-la-radio-nationale-menace-de-debrayer\/"},"modified":"2019-10-08T11:56:00","modified_gmt":"2019-10-08T15:56:00","slug":"le-personnel-de-la-radio-nationale-menace-de-debrayer","status":"publish","type":"post","link":"https:\/\/linitiative.ca\/International\/le-personnel-de-la-radio-nationale-menace-de-debrayer\/","title":{"rendered":"Le personnel de la radio nationale menace de d\u00e9brayer"},"content":{"rendered":"<div id=\"originalText\" readability=\"65\">\n<p>En plein mouvement populaire, le collectif de la radio pour le service public menace de cesser\u00a0\u00a0d\u2019\u00e9mettre. \u00ab Nous prenons pour t\u00e9moin, les responsables de la radio nationale ainsi que l\u2019opinion publique, qu\u2019en cas de sanctions ou de pressions exerc\u00e9es sur les journalistes et l\u2019ensemble du personnel directement ou indirectement concern\u00e9, journalistes, r\u00e9alisateurs, producteurs, animateurs, nous nous r\u00e9servons le droit d\u2019envisager un durcissement de nos actions, jusqu\u2019\u00e0 observer une gr\u00e8ve illimit\u00e9e \u00bb.<\/p>\n<p>C\u2019est dans un communiqu\u00e9 adress\u00e9 aux responsables et \u00e0 l\u2019opinion publique que le personnel de la radio a d\u00e9nonc\u00e9 \u00ab une r\u00e9surgence de la censure dans le traitement de l\u2019information. Les couvertures des \u00e9v\u00e9nements li\u00e9s au mouvement populaire sont scrupuleusement surveill\u00e9es, \u00e9cout\u00e9es, les papiers diffus\u00e9s, sont repris, censur\u00e9s \u00bb.<\/p>\n<p>Le collectif a par ailleurs exig\u00e9 plusieurs points, dont : \u00ab Toute consigne interdisant le traitement des informations devra \u00eatre sign\u00e9e par le directeur de l\u2019information, de la cha\u00eene ou de la direction g\u00e9n\u00e9rale. L\u2019opinion a le droit de savoir qui lui refuse l\u2019acc\u00e8s \u00e0 l\u2019information. La liste des personnes non autoris\u00e9es \u00e0 \u00eatre diffus\u00e9es ou invit\u00e9es devra \u00eatre \u00e9tablie dans la plus grande transparence afin que l\u2019opinion en soit inform\u00e9e \u00bb.<\/p>\n<p>Les travailleurs de la radio nationale ont tenu \u00e9galement \u00e0 d\u00e9noncer la \u00ab volont\u00e9 affich\u00e9e de museler l\u2019expression libre \u00bb, tout en mettant \u00ab les responsables face \u00e0 leurs responsabilit\u00e9s \u00bb.<\/p>\n<p class=\"c10\"><strong>Im\u00e8ne AMOKRANE<\/strong><\/p>\n<\/div>\n<div id=\"text_core\" readability=\"65\">\n<p>En plein mouvement populaire, le collectif de la radio pour le service public menace de cesser\u00a0\u00a0d\u2019\u00e9mettre. \u00ab Nous prenons pour t\u00e9moin, les responsables de la radio nationale ainsi que l\u2019opinion publique, qu\u2019en cas de sanctions ou de pressions exerc\u00e9es sur les journalistes et l\u2019ensemble du personnel directement ou indirectement concern\u00e9, journalistes, r\u00e9alisateurs, producteurs, animateurs, nous nous r\u00e9servons le droit d\u2019envisager un durcissement de nos actions, jusqu\u2019\u00e0 observer une gr\u00e8ve illimit\u00e9e \u00bb.<\/p>\n<p>C\u2019est dans un communiqu\u00e9 adress\u00e9 aux responsables et \u00e0 l\u2019opinion publique que le personnel de la radio a d\u00e9nonc\u00e9 \u00ab une r\u00e9surgence de la censure dans le traitement de l\u2019information. Les couvertures des \u00e9v\u00e9nements li\u00e9s au mouvement populaire sont scrupuleusement surveill\u00e9es, \u00e9cout\u00e9es, les papiers diffus\u00e9s, sont repris, censur\u00e9s \u00bb.<\/p>\n<p>Le collectif a par ailleurs exig\u00e9 plusieurs points, dont : \u00ab Toute consigne interdisant le traitement des informations devra \u00eatre sign\u00e9e par le directeur de l\u2019information, de la cha\u00eene ou de la direction g\u00e9n\u00e9rale. L\u2019opinion a le droit de savoir qui lui refuse l\u2019acc\u00e8s \u00e0 l\u2019information. La liste des personnes non autoris\u00e9es \u00e0 \u00eatre diffus\u00e9es ou invit\u00e9es devra \u00eatre \u00e9tablie dans la plus grande transparence afin que l\u2019opinion en soit inform\u00e9e \u00bb.<\/p>\n<p>Les travailleurs de la radio nationale ont tenu \u00e9galement \u00e0 d\u00e9noncer la \u00ab volont\u00e9 affich\u00e9e de museler l\u2019expression libre \u00bb, tout en mettant \u00ab les responsables face \u00e0 leurs responsabilit\u00e9s \u00bb.<\/p>\n<p class=\"c10\"><strong>Im\u00e8ne AMOKRANE<\/strong><\/p>\n<\/div>\n<p>Auteur:<br \/>\n<a href=\"https:\/\/www.liberte-algerie.com\/actualite\/le-personnel-de-la-radio-nationale-menace-de-debrayer-325571\">Cliquez ici pour lire l&rsquo;article depuis sa source.<\/a><\/p>\n","protected":false},"excerpt":{"rendered":"<p>En plein mouvement populaire, le collectif de la radio pour le service public menace de cesser\u00a0\u00a0d\u2019\u00e9mettre. \u00ab Nous prenons pour t\u00e9moin, les responsables de la radio nationale ainsi que l\u2019opinion publique, qu\u2019en cas de sanctions ou de pressions exerc\u00e9es sur les journalistes et l\u2019ensemble du personnel directement ou indirectement concern\u00e9, journalistes, r\u00e9alisateurs, producteurs, animateurs, nous [&hellip;]<\/p>\n","protected":false},"author":1742,"featured_media":0,"comment_status":"closed","ping_status":"closed","sticky":false,"template":"","format":"standard","meta":{"fifu_image_url":"","fifu_image_alt":"","footnotes":""},"categories":[73,53],"tags":[],"class_list":["post-63698","post","type-post","status-publish","format-standard","hentry","category-actualite","category-algerie"],"_links":{"self":[{"href":"https:\/\/linitiative.ca\/International\/wp-json\/wp\/v2\/posts\/63698","targetHints":{"allow":["GET"]}}],"collection":[{"href":"https:\/\/linitiative.ca\/International\/wp-json\/wp\/v2\/posts"}],"about":[{"href":"https:\/\/linitiative.ca\/International\/wp-json\/wp\/v2\/types\/post"}],"author":[{"embeddable":true,"href":"https:\/\/linitiative.ca\/International\/wp-json\/wp\/v2\/users\/1742"}],"replies":[{"embeddable":true,"href":"https:\/\/linitiative.ca\/International\/wp-json\/wp\/v2\/comments?post=63698"}],"version-history":[{"count":0,"href":"https:\/\/linitiative.ca\/International\/wp-json\/wp\/v2\/posts\/63698\/revisions"}],"wp:attachment":[{"href":"https:\/\/linitiative.ca\/International\/wp-json\/wp\/v2\/media?parent=63698"}],"wp:term":[{"taxonomy":"category","embeddable":true,"href":"https:\/\/linitiative.ca\/International\/wp-json\/wp\/v2\/categories?post=63698"},{"taxonomy":"post_tag","embeddable":true,"href":"https:\/\/linitiative.ca\/International\/wp-json\/wp\/v2\/tags?post=63698"}],"curies":[{"name":"wp","href":"https:\/\/api.w.org\/{rel}","templated":true}]}}