{"id":63699,"date":"2019-10-08T05:29:23","date_gmt":"2019-10-08T09:29:23","guid":{"rendered":"https:\/\/linitiative.ca\/International\/ancienne-medina-visite-aux-projets-de-developpement\/"},"modified":"2019-10-08T05:29:23","modified_gmt":"2019-10-08T09:29:23","slug":"ancienne-medina-visite-aux-projets-de-developpement","status":"publish","type":"post","link":"https:\/\/linitiative.ca\/International\/ancienne-medina-visite-aux-projets-de-developpement\/","title":{"rendered":"Ancienne m\u00e9dina: Visite aux projets de d\u00e9veloppement"},"content":{"rendered":"<div readability=\"40\">\n<p>Marrakech- Le Wali de la r\u00e9gion de Marrakech-Safi, Karim Kassi-Lahlou, a effectu\u00e9, samedi dernier, une visite de terrain pour s\u2019enqu\u00e9rir de l\u2019\u00e9tat d\u2019avancement des travaux de r\u00e9alisation des grands projets de d\u00e9veloppement dans l\u2019ancienne m\u00e9dina de la cit\u00e9 ocre, dont le coup d\u2019envoi a \u00e9t\u00e9 donn\u00e9 par SM le Roi Mohammed VI.<\/p>\n<\/div>\n<div readability=\"72\">\n<p>Lors de cette visite, le wali \u00e9tait accompagn\u00e9 du pr\u00e9sident de l\u2019arrondissement de la M\u00e9dina, du secr\u00e9taire g\u00e9n\u00e9ral de la wilaya, des repr\u00e9sentants de la wilaya de Marrakech et des chefs des services ext\u00e9rieurs et d\u2019agents d\u2019autorit\u00e9.<\/p>\n<p>Le wali et la d\u00e9l\u00e9gation l\u2019accompagnant ont entam\u00e9 leur tourn\u00e9e depuis Bab Ilane, qui repr\u00e9sente le point de d\u00e9part de l\u2019itin\u00e9raire spirituel en passant par les mausol\u00e9es du Cadi Ayyad et de Moulay Ali Cherif Marrakech, la mosqu\u00e9e de Sidi Ayoub, Sabtiyine, Aarsat Bensalah, le mus\u00e9e Ben Saleh, les h\u00f4tels Kabbaj, Al Chamaa, El Ouarzazi, Moulay Abdellah, Ould Allal Baqchach, Selhem, Zayat, la Route Ahl F\u00e8s, l\u2019h\u00f4tel Zniber et l\u2019\u00e9cole Ben Youssef.<\/p>\n<p>La d\u00e9l\u00e9gation a aussi effectu\u00e9 une visite aux projets en cours de r\u00e9alisation dans le cadre de l\u2019itin\u00e9raire touristique en partance de la place Ben Youssef jusqu\u2019\u00e0 Dar Al Bacha en passant par les h\u00f4tels Haj Taher et Al Bacha, l\u2019\u00e9cole Sidi Abdelaziz, les h\u00f4tels Kharbouche, Al Mizane, Tadlaoui et Dar Al Bacha.<\/p>\n<p>Au cours de cette tourn\u00e9e, le wali a appel\u00e9 au respect de l\u2019\u00e9ch\u00e9ancier fix\u00e9 pour la r\u00e9alisation de chaque projet ainsi que du cachet authentique dans l\u2019ex\u00e9cution des travaux de r\u00e9habilitation des itin\u00e9raires spirituels et touristiques et de restauration des anciens h\u00f4tels antiques, des \u00e9coles et des lieux de culte.<\/p>\n<\/div>\n<p>Auteur: Mohammed KOURSI<br \/>\n<a href=\"http:\/\/www.mapmarrakech.ma\/fr\/ancienne-medina-visite-aux-projets-de-developpement\/\">Cliquez ici pour lire l&rsquo;article depuis sa source.<\/a><\/p>\n","protected":false},"excerpt":{"rendered":"<p>Marrakech- Le Wali de la r\u00e9gion de Marrakech-Safi, Karim Kassi-Lahlou, a effectu\u00e9, samedi dernier, une visite de terrain pour s\u2019enqu\u00e9rir de l\u2019\u00e9tat d\u2019avancement des travaux de r\u00e9alisation des grands projets de d\u00e9veloppement dans l\u2019ancienne m\u00e9dina de la cit\u00e9 ocre, dont le coup d\u2019envoi a \u00e9t\u00e9 donn\u00e9 par SM le Roi Mohammed VI. Lors de cette [&hellip;]<\/p>\n","protected":false},"author":1788,"featured_media":0,"comment_status":"closed","ping_status":"closed","sticky":false,"template":"","format":"standard","meta":{"fifu_image_url":"","fifu_image_alt":"","footnotes":""},"categories":[54,76],"tags":[],"class_list":["post-63699","post","type-post","status-publish","format-standard","hentry","category-maroc","category-regions"],"_links":{"self":[{"href":"https:\/\/linitiative.ca\/International\/wp-json\/wp\/v2\/posts\/63699","targetHints":{"allow":["GET"]}}],"collection":[{"href":"https:\/\/linitiative.ca\/International\/wp-json\/wp\/v2\/posts"}],"about":[{"href":"https:\/\/linitiative.ca\/International\/wp-json\/wp\/v2\/types\/post"}],"author":[{"embeddable":true,"href":"https:\/\/linitiative.ca\/International\/wp-json\/wp\/v2\/users\/1788"}],"replies":[{"embeddable":true,"href":"https:\/\/linitiative.ca\/International\/wp-json\/wp\/v2\/comments?post=63699"}],"version-history":[{"count":0,"href":"https:\/\/linitiative.ca\/International\/wp-json\/wp\/v2\/posts\/63699\/revisions"}],"wp:attachment":[{"href":"https:\/\/linitiative.ca\/International\/wp-json\/wp\/v2\/media?parent=63699"}],"wp:term":[{"taxonomy":"category","embeddable":true,"href":"https:\/\/linitiative.ca\/International\/wp-json\/wp\/v2\/categories?post=63699"},{"taxonomy":"post_tag","embeddable":true,"href":"https:\/\/linitiative.ca\/International\/wp-json\/wp\/v2\/tags?post=63699"}],"curies":[{"name":"wp","href":"https:\/\/api.w.org\/{rel}","templated":true}]}}